{"id":10007,"date":"2024-12-31T14:53:36","date_gmt":"2024-12-31T14:53:36","guid":{"rendered":"https:\/\/senalconfor.com\/blog\/?p=10007"},"modified":"2024-12-31T14:54:32","modified_gmt":"2024-12-31T14:54:32","slug":"asi-cambiaran-las-matriculas-en-espana-en-2025","status":"publish","type":"post","link":"https:\/\/senalconfor.com\/blog\/asi-cambiaran-las-matriculas-en-espana-en-2025\/","title":{"rendered":"As\u00ed cambiar\u00e1n las matr\u00edculas en Espa\u00f1a en 2025"},"content":{"rendered":"\n<figure class=\"wp-block-image size-large\"><img loading=\"lazy\" decoding=\"async\" width=\"1024\" height=\"768\" src=\"data:image\/svg+xml,%3Csvg xmlns=%22http:\/\/www.w3.org\/2000\/svg%22 viewBox=%220 0 1024 768%22%3E%3C\/svg%3E\" data-lazy-type=\"image\" data-src=\"https:\/\/senalconfor.com\/blog\/wp-content\/uploads\/2024\/12\/Trafico-2-1024x768.jpg\" alt=\"\" class=\"lazy lazy-hidden wp-image-10008\" srcset=\"\" data-srcset=\"https:\/\/senalconfor.com\/blog\/wp-content\/uploads\/2024\/12\/Trafico-2-1024x768.jpg 1024w, https:\/\/senalconfor.com\/blog\/wp-content\/uploads\/2024\/12\/Trafico-2-300x225.jpg 300w, https:\/\/senalconfor.com\/blog\/wp-content\/uploads\/2024\/12\/Trafico-2-1536x1152.jpg 1536w, https:\/\/senalconfor.com\/blog\/wp-content\/uploads\/2024\/12\/Trafico-2.jpg 2016w\" sizes=\"auto, (max-width: 1024px) 100vw, 1024px\" \/><\/figure>\n\n\n\n<p><strong>Novedades en las placas<\/strong><\/p>\n\n\n\n<p>El actual sistema de matriculaci\u00f3n entr\u00f3 en vigor en septiembre de 2000 y puso fin a los distintivos provinciales<\/p>\n\n\n\n<p>El actual sistema de matr\u00edculas que hay en Espa\u00f1a data del a\u00f1o 2000. El 18 de septiembre de ese a\u00f1o se adopt\u00f3 un modelo que eliminaba la identificaci\u00f3n provincial que hasta entonces figuraba en cada matr\u00edcula expedida en nuestro pa\u00eds. Con esta modificaci\u00f3n, Espa\u00f1a se alineaba con el sistema europeo adoptado una franja azul en el lateral izquierdo de las placas, que incluye la bandera comunitaria y el c\u00f3digo del pa\u00eds, en este caso la letra E.<\/p>\n\n\n\n<p>El primer coche que abri\u00f3 esta nueva etapa a\u00fan vigente fue un Mercedes 230 SL. Se trata de un ejemplar de 1981 rematriculado que recibi\u00f3 la placa 0000-BBB con la que se pon\u00eda fin al anterior sistema de matr\u00edculas, que inclu\u00eda las siglas provinciales, una numeraci\u00f3n de 4 d\u00edgitos y una combinaci\u00f3n de dos letras.<\/p>\n\n\n\n<p>Han transcurrido m\u00e1s de 20 a\u00f1os desde que aquel coche alem\u00e1n estren\u00f3 el sistema de matriculaci\u00f3n con la placa 0000-BBB, y ahora nos encontramos a las puertas de iniciar una nueva combinaci\u00f3n de letras.<\/p>\n\n\n\n<h3 class=\"wp-block-heading\">En los primeros meses del pr\u00f3ximo a\u00f1o se abrir\u00e1 una nueva serie de letras que comenzar\u00e1 con NBB<\/h3>\n\n\n\n<p>De acuerdo con el actual ritmo de matriculaci\u00f3n -a finales de diciembre las matr\u00edculas han alcanzado la combinaci\u00f3n MXJ- se prev\u00e9 que en 2025 se inicie una nueva serie que comenzar\u00e1 con las letras NBB, lo que representar\u00e1 un nuevo ciclo en el sistema que est\u00e1 en uso desde el a\u00f1o 2000. Este cambio&nbsp;<a href=\"https:\/\/www.lavanguardia.com\/motor\/actualidad\/20220901\/8489715\/cambio-matricula-coche-moto-introducira-dgt-septiembre.html\">marcar\u00e1 el fin del conjunto de tres letras que empieza por la M<\/a>, que ha estado en circulaci\u00f3n desde septiembre de 2022, y que ha acompa\u00f1ado a miles de veh\u00edculos durante este tiempo.Conviene recordar que el actual sistema de matr\u00edculas en Espa\u00f1a&nbsp;<a href=\"https:\/\/www.lavanguardia.com\/motor\/actualidad\/20220211\/8028912\/matriculas-coches-carecen-vocales-espana.html\">no incluye vocales<\/a>, con el objetivo de evitar combinaciones malsonantes como ANO, PIS o PEO, as\u00ed como&nbsp;<a href=\"https:\/\/www.lavanguardia.com\/motor\/actualidad\/20230906\/9056970\/matriculas-connotaciones-significantes-dgt-conseguido-evitar-tsc.html\">acr\u00f3nimos de organizaciones conocidas<\/a>, tales como ONG u ONU, y nombres propios como EVA, LEO, ANA o TEO. Por esta raz\u00f3n, la matr\u00edcula 0000-AAA, que te\u00f3ricamente deber\u00eda haber sido la primera, nunca existi\u00f3, y el sistema comenz\u00f3 directamente con la secuencia BBB.<\/p>\n\n\n\n<h3 class=\"wp-block-heading\">La normativa espa\u00f1ola limita la personalizaci\u00f3n de matr\u00edculas, lo que reduce su variedad a diferencia de lo que ocurre en otros pa\u00edses<\/h3>\n\n\n\n<p>Adem\u00e1s, las consonantes \u00d1 y Q tambi\u00e9n fueron excluidas para evitar posibles confusiones con la letra N y el n\u00famero 0. En su momento, tambi\u00e9n se descartaron las letras LL y CH, que a\u00fan figuraban en el abecedario espa\u00f1ol en el a\u00f1o 2000, ya que el dise\u00f1o de la matr\u00edcula no admit\u00eda cuatro caracteres en el \u00faltimo grupo de letras.<\/p>\n\n\n\n<p>A diferencia de otros pa\u00edses, en Espa\u00f1a no es posible personalizar las matr\u00edculas, por las que todas est\u00e1n reguladas bajo un mismo patr\u00f3n, es decir, con un fondo blanco, letras negras y una franja azul que incluye el s\u00edmbolo de la UE y la letra E. Sin embargo, existen algunas excepciones que otorgan particularidades a las matr\u00edculas seg\u00fan el tipo de veh\u00edculo.<\/p>\n\n\n\n<p>Por ejemplo, las matr\u00edculas azules se utilizan para organismos internacionales,&nbsp;<a href=\"https:\/\/www.lavanguardia.com\/motor\/actualidad\/20240918\/9937845\/burro-taxi-trishaw-medios-transporte-mas-curiosos-mundo-pvlv.html\">taxis&nbsp;<\/a>y veh\u00edculos de transporte con conductor (VTC). Las verdes distinguen entre las definitivas para veh\u00edculos consulares (letras CC) y las temporales, para coches extranjeros en espera de matr\u00edcula permanente.<\/p>\n\n\n\n<p>Las matr\u00edculas rojas tambi\u00e9n se dividen en definitivas para coches diplom\u00e1ticos (letras CD) y remolques de m\u00e1s de 750 kg, as\u00ed como temporales para veh\u00edculos en baja o en espera de tramitaci\u00f3n. Por \u00faltimo, las amarillas son exclusivas para ciclomotores (menos de 50 cc) y coches de t\u00e9cnicos diplom\u00e1ticos (letras TA).<\/p>\n\n\n\n<p>Adem\u00e1s, tambi\u00e9n hay que recalcar que los\u00a0<a href=\"https:\/\/www.lavanguardia.com\/motor\/itv\/20240923\/9950219\/vehiculos-libran-pasar-itv-partir-1-octubre-tsc.html\">veh\u00edculos catalogados como hist\u00f3ricos\u00a0<\/a>tienen su propio sistema de matr\u00edculas, que comienzan con la letra H y van seguidas de cuatro d\u00edgitos y tres letras.\u00a0<\/p>\n\n\n\n<p>En Se\u00f1alConfor compartimos noticias que interesan a nuestro sector, esta noticia de La Vanguardia nos ha parecido interesante<\/p>\n\n\n\n<p>Se\u00f1alConfor vende se\u00f1ales de trafico<\/p>\n\n\n\n<p><\/p>\n","protected":false},"excerpt":{"rendered":"<p>Novedades en las placas El actual sistema de matriculaci\u00f3n entr\u00f3 en vigor en septiembre de 2000 y puso fin a los distintivos provinciales El actual sistema de matr\u00edculas que hay en Espa\u00f1a data del a\u00f1o 2000. El 18 de septiembre de ese a\u00f1o se adopt\u00f3 un modelo que eliminaba la identificaci\u00f3n provincial que hasta entonces&#8230;<\/p>\n","protected":false},"author":2,"featured_media":10008,"comment_status":"closed","ping_status":"closed","sticky":false,"template":"","format":"standard","meta":{"footnotes":""},"categories":[21],"tags":[26,24,85,45,178,29],"class_list":["post-10007","post","type-post","status-publish","format-standard","has-post-thumbnail","hentry","category-noticias","tag-balizas","tag-carreteras","tag-seguridadvial","tag-senalconfor-2","tag-senalestrafico","tag-senalizacion"],"yoast_head":"<!-- This site is optimized with the Yoast SEO plugin v26.8 - https:\/\/yoast.com\/product\/yoast-seo-wordpress\/ -->\n<title>As\u00ed cambiar\u00e1n las matr\u00edculas en Espa\u00f1a en 2025 - SE\u00d1ALCONFOR<\/title>\n<meta name=\"robots\" content=\"index, follow, max-snippet:-1, max-image-preview:large, max-video-preview:-1\" \/>\n<link rel=\"canonical\" href=\"https:\/\/senalconfor.com\/blog\/asi-cambiaran-las-matriculas-en-espana-en-2025\/\" \/>\n<meta property=\"og:locale\" content=\"es_ES\" \/>\n<meta property=\"og:type\" content=\"article\" \/>\n<meta property=\"og:title\" content=\"As\u00ed cambiar\u00e1n las matr\u00edculas en Espa\u00f1a en 2025 - SE\u00d1ALCONFOR\" \/>\n<meta property=\"og:description\" content=\"Novedades en las placas El actual sistema de matriculaci\u00f3n entr\u00f3 en vigor en septiembre de 2000 y puso fin a los distintivos provinciales El actual sistema de matr\u00edculas que hay en Espa\u00f1a data del a\u00f1o 2000. El 18 de septiembre de ese a\u00f1o se adopt\u00f3 un modelo que eliminaba la identificaci\u00f3n provincial que hasta entonces...\" \/>\n<meta property=\"og:url\" content=\"https:\/\/senalconfor.com\/blog\/asi-cambiaran-las-matriculas-en-espana-en-2025\/\" \/>\n<meta property=\"og:site_name\" content=\"SE\u00d1ALCONFOR\" \/>\n<meta property=\"article:published_time\" content=\"2024-12-31T14:53:36+00:00\" \/>\n<meta property=\"article:modified_time\" content=\"2024-12-31T14:54:32+00:00\" \/>\n<meta property=\"og:image\" content=\"https:\/\/senalconfor.com\/blog\/wp-content\/uploads\/2024\/12\/Trafico-2.jpg\" \/>\n\t<meta property=\"og:image:width\" content=\"2016\" \/>\n\t<meta property=\"og:image:height\" content=\"1512\" \/>\n\t<meta property=\"og:image:type\" content=\"image\/jpeg\" \/>\n<meta name=\"author\" content=\"Mary Jo\" \/>\n<meta name=\"twitter:card\" content=\"summary_large_image\" \/>\n<meta name=\"twitter:label1\" content=\"Escrito por\" \/>\n\t<meta name=\"twitter:data1\" content=\"Mary Jo\" \/>\n\t<meta name=\"twitter:label2\" content=\"Tiempo de lectura\" \/>\n\t<meta name=\"twitter:data2\" content=\"4 minutos\" \/>\n<script type=\"application\/ld+json\" class=\"yoast-schema-graph\">{\"@context\":\"https:\/\/schema.org\",\"@graph\":[{\"@type\":\"Article\",\"@id\":\"https:\/\/senalconfor.com\/blog\/asi-cambiaran-las-matriculas-en-espana-en-2025\/#article\",\"isPartOf\":{\"@id\":\"https:\/\/senalconfor.com\/blog\/asi-cambiaran-las-matriculas-en-espana-en-2025\/\"},\"author\":{\"name\":\"Mary Jo\",\"@id\":\"https:\/\/senalconfor.com\/blog\/#\/schema\/person\/7ba1a78ea1c6e5e2366be342e1c88a8f\"},\"headline\":\"As\u00ed cambiar\u00e1n las matr\u00edculas en Espa\u00f1a en 2025\",\"datePublished\":\"2024-12-31T14:53:36+00:00\",\"dateModified\":\"2024-12-31T14:54:32+00:00\",\"mainEntityOfPage\":{\"@id\":\"https:\/\/senalconfor.com\/blog\/asi-cambiaran-las-matriculas-en-espana-en-2025\/\"},\"wordCount\":737,\"image\":{\"@id\":\"https:\/\/senalconfor.com\/blog\/asi-cambiaran-las-matriculas-en-espana-en-2025\/#primaryimage\"},\"thumbnailUrl\":\"https:\/\/senalconfor.com\/blog\/wp-content\/uploads\/2024\/12\/Trafico-2.jpg\",\"keywords\":[\"balizas\",\"carreteras\",\"seguridadvial\",\"Se\u00f1alConfor\",\"se\u00f1alestrafico\",\"se\u00f1alizacion\"],\"articleSection\":[\"Noticias\"],\"inLanguage\":\"es\"},{\"@type\":\"WebPage\",\"@id\":\"https:\/\/senalconfor.com\/blog\/asi-cambiaran-las-matriculas-en-espana-en-2025\/\",\"url\":\"https:\/\/senalconfor.com\/blog\/asi-cambiaran-las-matriculas-en-espana-en-2025\/\",\"name\":\"As\u00ed cambiar\u00e1n las matr\u00edculas en Espa\u00f1a en 2025 - SE\u00d1ALCONFOR\",\"isPartOf\":{\"@id\":\"https:\/\/senalconfor.com\/blog\/#website\"},\"primaryImageOfPage\":{\"@id\":\"https:\/\/senalconfor.com\/blog\/asi-cambiaran-las-matriculas-en-espana-en-2025\/#primaryimage\"},\"image\":{\"@id\":\"https:\/\/senalconfor.com\/blog\/asi-cambiaran-las-matriculas-en-espana-en-2025\/#primaryimage\"},\"thumbnailUrl\":\"https:\/\/senalconfor.com\/blog\/wp-content\/uploads\/2024\/12\/Trafico-2.jpg\",\"datePublished\":\"2024-12-31T14:53:36+00:00\",\"dateModified\":\"2024-12-31T14:54:32+00:00\",\"author\":{\"@id\":\"https:\/\/senalconfor.com\/blog\/#\/schema\/person\/7ba1a78ea1c6e5e2366be342e1c88a8f\"},\"breadcrumb\":{\"@id\":\"https:\/\/senalconfor.com\/blog\/asi-cambiaran-las-matriculas-en-espana-en-2025\/#breadcrumb\"},\"inLanguage\":\"es\",\"potentialAction\":[{\"@type\":\"ReadAction\",\"target\":[\"https:\/\/senalconfor.com\/blog\/asi-cambiaran-las-matriculas-en-espana-en-2025\/\"]}]},{\"@type\":\"ImageObject\",\"inLanguage\":\"es\",\"@id\":\"https:\/\/senalconfor.com\/blog\/asi-cambiaran-las-matriculas-en-espana-en-2025\/#primaryimage\",\"url\":\"https:\/\/senalconfor.com\/blog\/wp-content\/uploads\/2024\/12\/Trafico-2.jpg\",\"contentUrl\":\"https:\/\/senalconfor.com\/blog\/wp-content\/uploads\/2024\/12\/Trafico-2.jpg\",\"width\":2016,\"height\":1512},{\"@type\":\"BreadcrumbList\",\"@id\":\"https:\/\/senalconfor.com\/blog\/asi-cambiaran-las-matriculas-en-espana-en-2025\/#breadcrumb\",\"itemListElement\":[{\"@type\":\"ListItem\",\"position\":1,\"name\":\"Portada\",\"item\":\"https:\/\/senalconfor.com\/blog\/\"},{\"@type\":\"ListItem\",\"position\":2,\"name\":\"As\u00ed cambiar\u00e1n las matr\u00edculas en Espa\u00f1a en 2025\"}]},{\"@type\":\"WebSite\",\"@id\":\"https:\/\/senalconfor.com\/blog\/#website\",\"url\":\"https:\/\/senalconfor.com\/blog\/\",\"name\":\"SE\u00d1ALCONFOR\",\"description\":\"Balizas cil\u00edndicas, hitos de divergencia, hitos de arista,se\u00f1ales urbanas,espejos, conos de tr\u00e1fico\",\"potentialAction\":[{\"@type\":\"SearchAction\",\"target\":{\"@type\":\"EntryPoint\",\"urlTemplate\":\"https:\/\/senalconfor.com\/blog\/?s={search_term_string}\"},\"query-input\":{\"@type\":\"PropertyValueSpecification\",\"valueRequired\":true,\"valueName\":\"search_term_string\"}}],\"inLanguage\":\"es\"},{\"@type\":\"Person\",\"@id\":\"https:\/\/senalconfor.com\/blog\/#\/schema\/person\/7ba1a78ea1c6e5e2366be342e1c88a8f\",\"name\":\"Mary Jo\",\"image\":{\"@type\":\"ImageObject\",\"inLanguage\":\"es\",\"@id\":\"https:\/\/senalconfor.com\/blog\/#\/schema\/person\/image\/\",\"url\":\"https:\/\/secure.gravatar.com\/avatar\/8afb78c5ea6768d0d2f16c8c6d8e9279?s=96&d=mm&r=g\",\"contentUrl\":\"https:\/\/secure.gravatar.com\/avatar\/8afb78c5ea6768d0d2f16c8c6d8e9279?s=96&d=mm&r=g\",\"caption\":\"Mary Jo\"},\"sameAs\":[\"https:\/\/senalconfor.com\"],\"url\":\"https:\/\/senalconfor.com\/blog\/author\/mjo\/\"}]}<\/script>\n<!-- \/ Yoast SEO plugin. -->","yoast_head_json":{"title":"As\u00ed cambiar\u00e1n las matr\u00edculas en Espa\u00f1a en 2025 - SE\u00d1ALCONFOR","robots":{"index":"index","follow":"follow","max-snippet":"max-snippet:-1","max-image-preview":"max-image-preview:large","max-video-preview":"max-video-preview:-1"},"canonical":"https:\/\/senalconfor.com\/blog\/asi-cambiaran-las-matriculas-en-espana-en-2025\/","og_locale":"es_ES","og_type":"article","og_title":"As\u00ed cambiar\u00e1n las matr\u00edculas en Espa\u00f1a en 2025 - SE\u00d1ALCONFOR","og_description":"Novedades en las placas El actual sistema de matriculaci\u00f3n entr\u00f3 en vigor en septiembre de 2000 y puso fin a los distintivos provinciales El actual sistema de matr\u00edculas que hay en Espa\u00f1a data del a\u00f1o 2000. El 18 de septiembre de ese a\u00f1o se adopt\u00f3 un modelo que eliminaba la identificaci\u00f3n provincial que hasta entonces...","og_url":"https:\/\/senalconfor.com\/blog\/asi-cambiaran-las-matriculas-en-espana-en-2025\/","og_site_name":"SE\u00d1ALCONFOR","article_published_time":"2024-12-31T14:53:36+00:00","article_modified_time":"2024-12-31T14:54:32+00:00","og_image":[{"width":2016,"height":1512,"url":"https:\/\/senalconfor.com\/blog\/wp-content\/uploads\/2024\/12\/Trafico-2.jpg","type":"image\/jpeg"}],"author":"Mary Jo","twitter_card":"summary_large_image","twitter_misc":{"Escrito por":"Mary Jo","Tiempo de lectura":"4 minutos"},"schema":{"@context":"https:\/\/schema.org","@graph":[{"@type":"Article","@id":"https:\/\/senalconfor.com\/blog\/asi-cambiaran-las-matriculas-en-espana-en-2025\/#article","isPartOf":{"@id":"https:\/\/senalconfor.com\/blog\/asi-cambiaran-las-matriculas-en-espana-en-2025\/"},"author":{"name":"Mary Jo","@id":"https:\/\/senalconfor.com\/blog\/#\/schema\/person\/7ba1a78ea1c6e5e2366be342e1c88a8f"},"headline":"As\u00ed cambiar\u00e1n las matr\u00edculas en Espa\u00f1a en 2025","datePublished":"2024-12-31T14:53:36+00:00","dateModified":"2024-12-31T14:54:32+00:00","mainEntityOfPage":{"@id":"https:\/\/senalconfor.com\/blog\/asi-cambiaran-las-matriculas-en-espana-en-2025\/"},"wordCount":737,"image":{"@id":"https:\/\/senalconfor.com\/blog\/asi-cambiaran-las-matriculas-en-espana-en-2025\/#primaryimage"},"thumbnailUrl":"https:\/\/senalconfor.com\/blog\/wp-content\/uploads\/2024\/12\/Trafico-2.jpg","keywords":["balizas","carreteras","seguridadvial","Se\u00f1alConfor","se\u00f1alestrafico","se\u00f1alizacion"],"articleSection":["Noticias"],"inLanguage":"es"},{"@type":"WebPage","@id":"https:\/\/senalconfor.com\/blog\/asi-cambiaran-las-matriculas-en-espana-en-2025\/","url":"https:\/\/senalconfor.com\/blog\/asi-cambiaran-las-matriculas-en-espana-en-2025\/","name":"As\u00ed cambiar\u00e1n las matr\u00edculas en Espa\u00f1a en 2025 - SE\u00d1ALCONFOR","isPartOf":{"@id":"https:\/\/senalconfor.com\/blog\/#website"},"primaryImageOfPage":{"@id":"https:\/\/senalconfor.com\/blog\/asi-cambiaran-las-matriculas-en-espana-en-2025\/#primaryimage"},"image":{"@id":"https:\/\/senalconfor.com\/blog\/asi-cambiaran-las-matriculas-en-espana-en-2025\/#primaryimage"},"thumbnailUrl":"https:\/\/senalconfor.com\/blog\/wp-content\/uploads\/2024\/12\/Trafico-2.jpg","datePublished":"2024-12-31T14:53:36+00:00","dateModified":"2024-12-31T14:54:32+00:00","author":{"@id":"https:\/\/senalconfor.com\/blog\/#\/schema\/person\/7ba1a78ea1c6e5e2366be342e1c88a8f"},"breadcrumb":{"@id":"https:\/\/senalconfor.com\/blog\/asi-cambiaran-las-matriculas-en-espana-en-2025\/#breadcrumb"},"inLanguage":"es","potentialAction":[{"@type":"ReadAction","target":["https:\/\/senalconfor.com\/blog\/asi-cambiaran-las-matriculas-en-espana-en-2025\/"]}]},{"@type":"ImageObject","inLanguage":"es","@id":"https:\/\/senalconfor.com\/blog\/asi-cambiaran-las-matriculas-en-espana-en-2025\/#primaryimage","url":"https:\/\/senalconfor.com\/blog\/wp-content\/uploads\/2024\/12\/Trafico-2.jpg","contentUrl":"https:\/\/senalconfor.com\/blog\/wp-content\/uploads\/2024\/12\/Trafico-2.jpg","width":2016,"height":1512},{"@type":"BreadcrumbList","@id":"https:\/\/senalconfor.com\/blog\/asi-cambiaran-las-matriculas-en-espana-en-2025\/#breadcrumb","itemListElement":[{"@type":"ListItem","position":1,"name":"Portada","item":"https:\/\/senalconfor.com\/blog\/"},{"@type":"ListItem","position":2,"name":"As\u00ed cambiar\u00e1n las matr\u00edculas en Espa\u00f1a en 2025"}]},{"@type":"WebSite","@id":"https:\/\/senalconfor.com\/blog\/#website","url":"https:\/\/senalconfor.com\/blog\/","name":"SE\u00d1ALCONFOR","description":"Balizas cil\u00edndicas, hitos de divergencia, hitos de arista,se\u00f1ales urbanas,espejos, conos de tr\u00e1fico","potentialAction":[{"@type":"SearchAction","target":{"@type":"EntryPoint","urlTemplate":"https:\/\/senalconfor.com\/blog\/?s={search_term_string}"},"query-input":{"@type":"PropertyValueSpecification","valueRequired":true,"valueName":"search_term_string"}}],"inLanguage":"es"},{"@type":"Person","@id":"https:\/\/senalconfor.com\/blog\/#\/schema\/person\/7ba1a78ea1c6e5e2366be342e1c88a8f","name":"Mary Jo","image":{"@type":"ImageObject","inLanguage":"es","@id":"https:\/\/senalconfor.com\/blog\/#\/schema\/person\/image\/","url":"https:\/\/secure.gravatar.com\/avatar\/8afb78c5ea6768d0d2f16c8c6d8e9279?s=96&d=mm&r=g","contentUrl":"https:\/\/secure.gravatar.com\/avatar\/8afb78c5ea6768d0d2f16c8c6d8e9279?s=96&d=mm&r=g","caption":"Mary Jo"},"sameAs":["https:\/\/senalconfor.com"],"url":"https:\/\/senalconfor.com\/blog\/author\/mjo\/"}]}},"_links":{"self":[{"href":"https:\/\/senalconfor.com\/blog\/wp-json\/wp\/v2\/posts\/10007","targetHints":{"allow":["GET"]}}],"collection":[{"href":"https:\/\/senalconfor.com\/blog\/wp-json\/wp\/v2\/posts"}],"about":[{"href":"https:\/\/senalconfor.com\/blog\/wp-json\/wp\/v2\/types\/post"}],"author":[{"embeddable":true,"href":"https:\/\/senalconfor.com\/blog\/wp-json\/wp\/v2\/users\/2"}],"replies":[{"embeddable":true,"href":"https:\/\/senalconfor.com\/blog\/wp-json\/wp\/v2\/comments?post=10007"}],"version-history":[{"count":1,"href":"https:\/\/senalconfor.com\/blog\/wp-json\/wp\/v2\/posts\/10007\/revisions"}],"predecessor-version":[{"id":10009,"href":"https:\/\/senalconfor.com\/blog\/wp-json\/wp\/v2\/posts\/10007\/revisions\/10009"}],"wp:featuredmedia":[{"embeddable":true,"href":"https:\/\/senalconfor.com\/blog\/wp-json\/wp\/v2\/media\/10008"}],"wp:attachment":[{"href":"https:\/\/senalconfor.com\/blog\/wp-json\/wp\/v2\/media?parent=10007"}],"wp:term":[{"taxonomy":"category","embeddable":true,"href":"https:\/\/senalconfor.com\/blog\/wp-json\/wp\/v2\/categories?post=10007"},{"taxonomy":"post_tag","embeddable":true,"href":"https:\/\/senalconfor.com\/blog\/wp-json\/wp\/v2\/tags?post=10007"}],"curies":[{"name":"wp","href":"https:\/\/api.w.org\/{rel}","templated":true}]}}