{"id":10409,"date":"2026-04-28T14:38:12","date_gmt":"2026-04-28T14:38:12","guid":{"rendered":"https:\/\/senalconfor.com\/blog\/?p=10409"},"modified":"2026-04-28T14:38:13","modified_gmt":"2026-04-28T14:38:13","slug":"seis-miradas-sobre-una-ciudad-en-tension-asi-se-vive-la-movilidad-en-barcelona","status":"publish","type":"post","link":"https:\/\/senalconfor.com\/blog\/seis-miradas-sobre-una-ciudad-en-tension-asi-se-vive-la-movilidad-en-barcelona\/","title":{"rendered":"Seis miradas sobre una ciudad en tensi\u00f3n: as\u00ed se vive la movilidad en Barcelona"},"content":{"rendered":"\n<figure class=\"wp-block-image size-full\"><img loading=\"lazy\" decoding=\"async\" width=\"957\" height=\"467\" src=\"data:image\/svg+xml,%3Csvg xmlns=%22http:\/\/www.w3.org\/2000\/svg%22 viewBox=%220 0 957 467%22%3E%3C\/svg%3E\" data-lazy-type=\"image\" data-src=\"https:\/\/senalconfor.com\/blog\/wp-content\/uploads\/2026\/04\/movilidad-en-BCN-22-4-26.png\" alt=\"\" class=\"lazy lazy-hidden wp-image-10410\" srcset=\"\" data-srcset=\"https:\/\/senalconfor.com\/blog\/wp-content\/uploads\/2026\/04\/movilidad-en-BCN-22-4-26.png 957w, https:\/\/senalconfor.com\/blog\/wp-content\/uploads\/2026\/04\/movilidad-en-BCN-22-4-26-300x146.png 300w\" sizes=\"auto, (max-width: 957px) 100vw, 957px\" \/><\/figure>\n\n\n\n<p><strong>M\u00e1s all\u00e1 del coche, la moto y el transporte p\u00fablico, recogemos el testimonio de diversas personas que se desplazan por la ciudad condal a pie, en patinete el\u00e9ctrico, bicicleta y furgoneta<\/strong><\/p>\n\n\n\n<p>A las seis de la tarde, cuando Barcelona se aprieta sobre s\u00ed misma, el espacio p\u00fablico se convierte en un tablero compartido. No hay gritos ni sirenas constantes, pero s\u00ed una tensi\u00f3n sorda: bicicletas que adelantan, patinetes que zigzaguean, furgonetas que buscan d\u00f3nde detenerse, cochecitos que avanzan como pueden y peatones que cruzan con la sensaci\u00f3n de jugarse algo m\u00e1s que el sem\u00e1foro. Seis voces explican esa batalla incruenta.<\/p>\n\n\n\n<p>\u201cPara m\u00ed moverme en&nbsp;<a href=\"https:\/\/www.lavanguardia.com\/motor\/actualidad\/20260128\/11451768\/registro-obligatorio-patinetes-electricos-afecta-como-debes-realizar-tramite-cuesta.html\"><strong>patinete el\u00e9ctrico<\/strong><\/a>&nbsp;por Barcelona es algo cotidiano, casi como desayunar\u201d, cuenta Leidy Forero, usuaria habitual. Pero esa normalidad convive con la fricci\u00f3n. \u201cEl espacio urbano es limitado y durante mucho tiempo ha estado muy orientado al coche. Ahora hay peatones, bicis, patinetes, riders\u2026 Hay espacio, pero requiere redise\u00f1o, normas claras y cultura de convivencia\u201d. Leidy nota la diferencia entre tramos amplios, como la Diagonal, donde \u201cla convivencia fluye\u201d, y otros donde el carril es \u201cun cuello de botella\u201d invadido por motos, furgonetas o peatones despistados. \u201cA veces te miran como si fueras el problema. El patinete se ha convertido un poco en el nuevo culpable\u201d.<\/p>\n\n\n\n<p>En el&nbsp;<a href=\"https:\/\/www.lavanguardia.com\/motor\/actualidad\/20240604\/9703467\/carriles-bici-barcelona-madrid-ejemplos-movilidad-segura.html\"><strong>carril bici&nbsp;<\/strong><\/a>tambi\u00e9n pedalea \u00c0ngels Pons, usuaria de Bicing. \u201cDebe ser posible la convivencia; todos vivimos en la ciudad\u201d, defiende. Pero enumera obst\u00e1culos: veh\u00edculos que ocupan el carril para descargar, taxis que se detienen \u201cun momento\u201d, patinetes o riders que circulan \u201ca mucha m\u00e1s velocidad\u201d, peatones que cruzan en rojo o fuera del paso. \u201cEn calles como Enric Granados es habitual\u201d. \u00c0ngels ha visto crecer la red ciclista y tambi\u00e9n la competencia. \u201cAhora tienes que ir con m\u00e1s cuidado\u201d. Y a\u00f1ade otro frente menos visible: estaciones sin bicicletas o sin anclajes libres. \u201cCuando tienes hora de llegada, no saber d\u00f3nde dejarla es muy molesto\u201d.<\/p>\n\n\n\n<p>Desde la calzada, Gen\u00eds Peris, repartidor en furgoneta, observa otra cara del mismo mapa. \u201cS\u00ed que es posible la convivencia, pero siempre que se respeten las reglas del c\u00f3digo de circulaci\u00f3n\u201d, afirma. Sus dificultades son concretas: \u201cDemasiado tr\u00e1fico, muchas obras, cada d\u00eda m\u00e1s calles peatonales y pocas alternativas\u201d. Las zonas de carga y descarga \u201cno son suficientes\u201d y a menudo est\u00e1n ocupadas. \u201cTreinta minutos a veces no bastan\u201d. Percibe las molestias que genera su veh\u00edculo, pero se\u00f1ala a la administraci\u00f3n: \u201cDeber\u00eda haber alternativa; eso es trabajo de las administraciones\u201d. Y, sin embargo, niega sentirse un intruso: \u201cLa gente que demanda el producto es consciente; recibes apoyo y empat\u00eda\u201d.<\/p>\n\n\n\n<p>En la memoria de Ricardo Schuch, la presi\u00f3n del reparto ha cambiado. Trabaj\u00f3 entre 2017 y 2018 como rider y hoy observa un modelo m\u00e1s regulado. \u201cEl nuevo sistema acomoda mejor los tiempos entre pedidos y no hay tanta presi\u00f3n\u201d, explica. Destaca la multiplicaci\u00f3n de carriles bici y la vigilancia policial como factores que aportan seguridad. Su principal dificultad no estaba tanto en la circulaci\u00f3n como en los accesos: \u201cFaltaba claridad en algunos establecimientos y comunidades para entrar con la bici\u201d. Tambi\u00e9n percib\u00eda impaciencia de algunos conductores cuando deb\u00eda circular sin carril se\u00f1alizado. \u201cPero no veo el carril como zona de conflicto; suele estar bien indicado\u201d.<\/p>\n\n\n\n<p>A pie de calle, Emilio Mar\u00ed, a sus 80 a\u00f1os, relativiza el miedo pero no los riesgos. \u201cEs posible la convivencia, pero el dise\u00f1o urbano no favorece\u201d, sostiene. Se\u00f1ala especialmente los carriles bici de doble direcci\u00f3n, como el de Proven\u00e7a. \u201cEs mortal. Los turistas miran hacia los coches y no hacia el otro lado\u201d. Ha visto conflictos y alg\u00fan atropello. Le preocupa la proliferaci\u00f3n de patinetes r\u00e1pidos cuando invaden aceras estrechas. \u201cLa acera no es un refugio, es una distribuci\u00f3n del espacio. Si se invade sin control, deber\u00eda sancionarse\u201d.<\/p>\n\n\n\n<p>Empujando un cochecito, Noem\u00ed Mart\u00ed siente la ciudad a ras de suelo. \u201cEs posible convivir, pero debe haber civismo\u201d, dice. Su batalla diaria se libra en los cruces. \u201cEn la Diagonal me discuto pr\u00e1cticamente cada d\u00eda. Si la luz no est\u00e1 roja del todo, pasan por detr\u00e1s a un palmo\u201d. Con el cochecito la visibilidad es menor y cualquier obst\u00e1culo en la acera se multiplica. \u201cNo es amable Barcelona con los padres que llevan cochecito\u201d. En el autob\u00fas, comparte espacio con sillas de ruedas y otros cochecitos: \u201cMuchas veces dejas pasar uno o dos esperando uno m\u00e1s vac\u00edo\u201d.<\/p>\n\n\n\n<p>Seis miradas, seis verdades que no se anulan entre s\u00ed. Todos reclaman respeto y normas claras. Todos sienten que el espacio es finito y que la ciudad est\u00e1 en transici\u00f3n. Entre la urgencia del reparto, la agilidad del patinete, la constancia de la bici, la log\u00edstica de la furgoneta, la fragilidad del peat\u00f3n mayor y la vulnerabilidad del cochecito, Barcelona ensaya cada d\u00eda su equilibrio. La batalla no deja heridos visibles, pero s\u00ed una conclusi\u00f3n compartida: sin dise\u00f1o coherente y sin cultura c\u00edvica, cualquier carril puede convertirse en trinchera.<\/p>\n\n\n\n<p>Se\u00f1alConfor es una empresa de venta de se\u00f1ales de trafico y se\u00f1alamiento vial. Compartimos noticias de nuestro sector, como \u00e9sta de La Vanguardia<\/p>\n","protected":false},"excerpt":{"rendered":"<p>M\u00e1s all\u00e1 del coche, la moto y el transporte p\u00fablico, recogemos el testimonio de diversas personas que se desplazan por la ciudad condal a pie, en patinete el\u00e9ctrico, bicicleta y furgoneta A las seis de la tarde, cuando Barcelona se aprieta sobre s\u00ed misma, el espacio p\u00fablico se convierte en un tablero compartido. No hay&#8230;<\/p>\n","protected":false},"author":2,"featured_media":10410,"comment_status":"closed","ping_status":"closed","sticky":false,"template":"","format":"standard","meta":{"footnotes":""},"categories":[1],"tags":[],"class_list":["post-10409","post","type-post","status-publish","format-standard","has-post-thumbnail","hentry","category-sin-categoria"],"yoast_head":"<!-- This site is optimized with the Yoast SEO plugin v26.8 - https:\/\/yoast.com\/product\/yoast-seo-wordpress\/ -->\n<title>Seis miradas sobre una ciudad en tensi\u00f3n: as\u00ed se vive la movilidad en Barcelona - SE\u00d1ALCONFOR<\/title>\n<meta name=\"robots\" content=\"index, follow, max-snippet:-1, max-image-preview:large, max-video-preview:-1\" \/>\n<link rel=\"canonical\" href=\"https:\/\/senalconfor.com\/blog\/seis-miradas-sobre-una-ciudad-en-tension-asi-se-vive-la-movilidad-en-barcelona\/\" \/>\n<meta property=\"og:locale\" content=\"es_ES\" \/>\n<meta property=\"og:type\" content=\"article\" \/>\n<meta property=\"og:title\" content=\"Seis miradas sobre una ciudad en tensi\u00f3n: as\u00ed se vive la movilidad en Barcelona - SE\u00d1ALCONFOR\" \/>\n<meta property=\"og:description\" content=\"M\u00e1s all\u00e1 del coche, la moto y el transporte p\u00fablico, recogemos el testimonio de diversas personas que se desplazan por la ciudad condal a pie, en patinete el\u00e9ctrico, bicicleta y furgoneta A las seis de la tarde, cuando Barcelona se aprieta sobre s\u00ed misma, el espacio p\u00fablico se convierte en un tablero compartido. No hay...\" \/>\n<meta property=\"og:url\" content=\"https:\/\/senalconfor.com\/blog\/seis-miradas-sobre-una-ciudad-en-tension-asi-se-vive-la-movilidad-en-barcelona\/\" \/>\n<meta property=\"og:site_name\" content=\"SE\u00d1ALCONFOR\" \/>\n<meta property=\"article:published_time\" content=\"2026-04-28T14:38:12+00:00\" \/>\n<meta property=\"article:modified_time\" content=\"2026-04-28T14:38:13+00:00\" \/>\n<meta property=\"og:image\" content=\"https:\/\/senalconfor.com\/blog\/wp-content\/uploads\/2026\/04\/movilidad-en-BCN-22-4-26.png\" \/>\n\t<meta property=\"og:image:width\" content=\"957\" \/>\n\t<meta property=\"og:image:height\" content=\"467\" \/>\n\t<meta property=\"og:image:type\" content=\"image\/png\" \/>\n<meta name=\"author\" content=\"Mary Jo\" \/>\n<meta name=\"twitter:card\" content=\"summary_large_image\" \/>\n<meta name=\"twitter:label1\" content=\"Escrito por\" \/>\n\t<meta name=\"twitter:data1\" content=\"Mary Jo\" \/>\n\t<meta name=\"twitter:label2\" content=\"Tiempo de lectura\" \/>\n\t<meta name=\"twitter:data2\" content=\"5 minutos\" \/>\n<script type=\"application\/ld+json\" class=\"yoast-schema-graph\">{\"@context\":\"https:\/\/schema.org\",\"@graph\":[{\"@type\":\"Article\",\"@id\":\"https:\/\/senalconfor.com\/blog\/seis-miradas-sobre-una-ciudad-en-tension-asi-se-vive-la-movilidad-en-barcelona\/#article\",\"isPartOf\":{\"@id\":\"https:\/\/senalconfor.com\/blog\/seis-miradas-sobre-una-ciudad-en-tension-asi-se-vive-la-movilidad-en-barcelona\/\"},\"author\":{\"name\":\"Mary Jo\",\"@id\":\"https:\/\/senalconfor.com\/blog\/#\/schema\/person\/7ba1a78ea1c6e5e2366be342e1c88a8f\"},\"headline\":\"Seis miradas sobre una ciudad en tensi\u00f3n: as\u00ed se vive la movilidad en Barcelona\",\"datePublished\":\"2026-04-28T14:38:12+00:00\",\"dateModified\":\"2026-04-28T14:38:13+00:00\",\"mainEntityOfPage\":{\"@id\":\"https:\/\/senalconfor.com\/blog\/seis-miradas-sobre-una-ciudad-en-tension-asi-se-vive-la-movilidad-en-barcelona\/\"},\"wordCount\":912,\"image\":{\"@id\":\"https:\/\/senalconfor.com\/blog\/seis-miradas-sobre-una-ciudad-en-tension-asi-se-vive-la-movilidad-en-barcelona\/#primaryimage\"},\"thumbnailUrl\":\"https:\/\/senalconfor.com\/blog\/wp-content\/uploads\/2026\/04\/movilidad-en-BCN-22-4-26.png\",\"inLanguage\":\"es\"},{\"@type\":\"WebPage\",\"@id\":\"https:\/\/senalconfor.com\/blog\/seis-miradas-sobre-una-ciudad-en-tension-asi-se-vive-la-movilidad-en-barcelona\/\",\"url\":\"https:\/\/senalconfor.com\/blog\/seis-miradas-sobre-una-ciudad-en-tension-asi-se-vive-la-movilidad-en-barcelona\/\",\"name\":\"Seis miradas sobre una ciudad en tensi\u00f3n: as\u00ed se vive la movilidad en Barcelona - SE\u00d1ALCONFOR\",\"isPartOf\":{\"@id\":\"https:\/\/senalconfor.com\/blog\/#website\"},\"primaryImageOfPage\":{\"@id\":\"https:\/\/senalconfor.com\/blog\/seis-miradas-sobre-una-ciudad-en-tension-asi-se-vive-la-movilidad-en-barcelona\/#primaryimage\"},\"image\":{\"@id\":\"https:\/\/senalconfor.com\/blog\/seis-miradas-sobre-una-ciudad-en-tension-asi-se-vive-la-movilidad-en-barcelona\/#primaryimage\"},\"thumbnailUrl\":\"https:\/\/senalconfor.com\/blog\/wp-content\/uploads\/2026\/04\/movilidad-en-BCN-22-4-26.png\",\"datePublished\":\"2026-04-28T14:38:12+00:00\",\"dateModified\":\"2026-04-28T14:38:13+00:00\",\"author\":{\"@id\":\"https:\/\/senalconfor.com\/blog\/#\/schema\/person\/7ba1a78ea1c6e5e2366be342e1c88a8f\"},\"breadcrumb\":{\"@id\":\"https:\/\/senalconfor.com\/blog\/seis-miradas-sobre-una-ciudad-en-tension-asi-se-vive-la-movilidad-en-barcelona\/#breadcrumb\"},\"inLanguage\":\"es\",\"potentialAction\":[{\"@type\":\"ReadAction\",\"target\":[\"https:\/\/senalconfor.com\/blog\/seis-miradas-sobre-una-ciudad-en-tension-asi-se-vive-la-movilidad-en-barcelona\/\"]}]},{\"@type\":\"ImageObject\",\"inLanguage\":\"es\",\"@id\":\"https:\/\/senalconfor.com\/blog\/seis-miradas-sobre-una-ciudad-en-tension-asi-se-vive-la-movilidad-en-barcelona\/#primaryimage\",\"url\":\"https:\/\/senalconfor.com\/blog\/wp-content\/uploads\/2026\/04\/movilidad-en-BCN-22-4-26.png\",\"contentUrl\":\"https:\/\/senalconfor.com\/blog\/wp-content\/uploads\/2026\/04\/movilidad-en-BCN-22-4-26.png\",\"width\":957,\"height\":467},{\"@type\":\"BreadcrumbList\",\"@id\":\"https:\/\/senalconfor.com\/blog\/seis-miradas-sobre-una-ciudad-en-tension-asi-se-vive-la-movilidad-en-barcelona\/#breadcrumb\",\"itemListElement\":[{\"@type\":\"ListItem\",\"position\":1,\"name\":\"Portada\",\"item\":\"https:\/\/senalconfor.com\/blog\/\"},{\"@type\":\"ListItem\",\"position\":2,\"name\":\"Seis miradas sobre una ciudad en tensi\u00f3n: as\u00ed se vive la movilidad en Barcelona\"}]},{\"@type\":\"WebSite\",\"@id\":\"https:\/\/senalconfor.com\/blog\/#website\",\"url\":\"https:\/\/senalconfor.com\/blog\/\",\"name\":\"SE\u00d1ALCONFOR\",\"description\":\"Balizas cil\u00edndicas, hitos de divergencia, hitos de arista,se\u00f1ales urbanas,espejos, conos de tr\u00e1fico\",\"potentialAction\":[{\"@type\":\"SearchAction\",\"target\":{\"@type\":\"EntryPoint\",\"urlTemplate\":\"https:\/\/senalconfor.com\/blog\/?s={search_term_string}\"},\"query-input\":{\"@type\":\"PropertyValueSpecification\",\"valueRequired\":true,\"valueName\":\"search_term_string\"}}],\"inLanguage\":\"es\"},{\"@type\":\"Person\",\"@id\":\"https:\/\/senalconfor.com\/blog\/#\/schema\/person\/7ba1a78ea1c6e5e2366be342e1c88a8f\",\"name\":\"Mary Jo\",\"image\":{\"@type\":\"ImageObject\",\"inLanguage\":\"es\",\"@id\":\"https:\/\/senalconfor.com\/blog\/#\/schema\/person\/image\/\",\"url\":\"https:\/\/secure.gravatar.com\/avatar\/8afb78c5ea6768d0d2f16c8c6d8e9279?s=96&d=mm&r=g\",\"contentUrl\":\"https:\/\/secure.gravatar.com\/avatar\/8afb78c5ea6768d0d2f16c8c6d8e9279?s=96&d=mm&r=g\",\"caption\":\"Mary Jo\"},\"sameAs\":[\"https:\/\/senalconfor.com\"],\"url\":\"https:\/\/senalconfor.com\/blog\/author\/mjo\/\"}]}<\/script>\n<!-- \/ Yoast SEO plugin. -->","yoast_head_json":{"title":"Seis miradas sobre una ciudad en tensi\u00f3n: as\u00ed se vive la movilidad en Barcelona - SE\u00d1ALCONFOR","robots":{"index":"index","follow":"follow","max-snippet":"max-snippet:-1","max-image-preview":"max-image-preview:large","max-video-preview":"max-video-preview:-1"},"canonical":"https:\/\/senalconfor.com\/blog\/seis-miradas-sobre-una-ciudad-en-tension-asi-se-vive-la-movilidad-en-barcelona\/","og_locale":"es_ES","og_type":"article","og_title":"Seis miradas sobre una ciudad en tensi\u00f3n: as\u00ed se vive la movilidad en Barcelona - SE\u00d1ALCONFOR","og_description":"M\u00e1s all\u00e1 del coche, la moto y el transporte p\u00fablico, recogemos el testimonio de diversas personas que se desplazan por la ciudad condal a pie, en patinete el\u00e9ctrico, bicicleta y furgoneta A las seis de la tarde, cuando Barcelona se aprieta sobre s\u00ed misma, el espacio p\u00fablico se convierte en un tablero compartido. No hay...","og_url":"https:\/\/senalconfor.com\/blog\/seis-miradas-sobre-una-ciudad-en-tension-asi-se-vive-la-movilidad-en-barcelona\/","og_site_name":"SE\u00d1ALCONFOR","article_published_time":"2026-04-28T14:38:12+00:00","article_modified_time":"2026-04-28T14:38:13+00:00","og_image":[{"width":957,"height":467,"url":"https:\/\/senalconfor.com\/blog\/wp-content\/uploads\/2026\/04\/movilidad-en-BCN-22-4-26.png","type":"image\/png"}],"author":"Mary Jo","twitter_card":"summary_large_image","twitter_misc":{"Escrito por":"Mary Jo","Tiempo de lectura":"5 minutos"},"schema":{"@context":"https:\/\/schema.org","@graph":[{"@type":"Article","@id":"https:\/\/senalconfor.com\/blog\/seis-miradas-sobre-una-ciudad-en-tension-asi-se-vive-la-movilidad-en-barcelona\/#article","isPartOf":{"@id":"https:\/\/senalconfor.com\/blog\/seis-miradas-sobre-una-ciudad-en-tension-asi-se-vive-la-movilidad-en-barcelona\/"},"author":{"name":"Mary Jo","@id":"https:\/\/senalconfor.com\/blog\/#\/schema\/person\/7ba1a78ea1c6e5e2366be342e1c88a8f"},"headline":"Seis miradas sobre una ciudad en tensi\u00f3n: as\u00ed se vive la movilidad en Barcelona","datePublished":"2026-04-28T14:38:12+00:00","dateModified":"2026-04-28T14:38:13+00:00","mainEntityOfPage":{"@id":"https:\/\/senalconfor.com\/blog\/seis-miradas-sobre-una-ciudad-en-tension-asi-se-vive-la-movilidad-en-barcelona\/"},"wordCount":912,"image":{"@id":"https:\/\/senalconfor.com\/blog\/seis-miradas-sobre-una-ciudad-en-tension-asi-se-vive-la-movilidad-en-barcelona\/#primaryimage"},"thumbnailUrl":"https:\/\/senalconfor.com\/blog\/wp-content\/uploads\/2026\/04\/movilidad-en-BCN-22-4-26.png","inLanguage":"es"},{"@type":"WebPage","@id":"https:\/\/senalconfor.com\/blog\/seis-miradas-sobre-una-ciudad-en-tension-asi-se-vive-la-movilidad-en-barcelona\/","url":"https:\/\/senalconfor.com\/blog\/seis-miradas-sobre-una-ciudad-en-tension-asi-se-vive-la-movilidad-en-barcelona\/","name":"Seis miradas sobre una ciudad en tensi\u00f3n: as\u00ed se vive la movilidad en Barcelona - SE\u00d1ALCONFOR","isPartOf":{"@id":"https:\/\/senalconfor.com\/blog\/#website"},"primaryImageOfPage":{"@id":"https:\/\/senalconfor.com\/blog\/seis-miradas-sobre-una-ciudad-en-tension-asi-se-vive-la-movilidad-en-barcelona\/#primaryimage"},"image":{"@id":"https:\/\/senalconfor.com\/blog\/seis-miradas-sobre-una-ciudad-en-tension-asi-se-vive-la-movilidad-en-barcelona\/#primaryimage"},"thumbnailUrl":"https:\/\/senalconfor.com\/blog\/wp-content\/uploads\/2026\/04\/movilidad-en-BCN-22-4-26.png","datePublished":"2026-04-28T14:38:12+00:00","dateModified":"2026-04-28T14:38:13+00:00","author":{"@id":"https:\/\/senalconfor.com\/blog\/#\/schema\/person\/7ba1a78ea1c6e5e2366be342e1c88a8f"},"breadcrumb":{"@id":"https:\/\/senalconfor.com\/blog\/seis-miradas-sobre-una-ciudad-en-tension-asi-se-vive-la-movilidad-en-barcelona\/#breadcrumb"},"inLanguage":"es","potentialAction":[{"@type":"ReadAction","target":["https:\/\/senalconfor.com\/blog\/seis-miradas-sobre-una-ciudad-en-tension-asi-se-vive-la-movilidad-en-barcelona\/"]}]},{"@type":"ImageObject","inLanguage":"es","@id":"https:\/\/senalconfor.com\/blog\/seis-miradas-sobre-una-ciudad-en-tension-asi-se-vive-la-movilidad-en-barcelona\/#primaryimage","url":"https:\/\/senalconfor.com\/blog\/wp-content\/uploads\/2026\/04\/movilidad-en-BCN-22-4-26.png","contentUrl":"https:\/\/senalconfor.com\/blog\/wp-content\/uploads\/2026\/04\/movilidad-en-BCN-22-4-26.png","width":957,"height":467},{"@type":"BreadcrumbList","@id":"https:\/\/senalconfor.com\/blog\/seis-miradas-sobre-una-ciudad-en-tension-asi-se-vive-la-movilidad-en-barcelona\/#breadcrumb","itemListElement":[{"@type":"ListItem","position":1,"name":"Portada","item":"https:\/\/senalconfor.com\/blog\/"},{"@type":"ListItem","position":2,"name":"Seis miradas sobre una ciudad en tensi\u00f3n: as\u00ed se vive la movilidad en Barcelona"}]},{"@type":"WebSite","@id":"https:\/\/senalconfor.com\/blog\/#website","url":"https:\/\/senalconfor.com\/blog\/","name":"SE\u00d1ALCONFOR","description":"Balizas cil\u00edndicas, hitos de divergencia, hitos de arista,se\u00f1ales urbanas,espejos, conos de tr\u00e1fico","potentialAction":[{"@type":"SearchAction","target":{"@type":"EntryPoint","urlTemplate":"https:\/\/senalconfor.com\/blog\/?s={search_term_string}"},"query-input":{"@type":"PropertyValueSpecification","valueRequired":true,"valueName":"search_term_string"}}],"inLanguage":"es"},{"@type":"Person","@id":"https:\/\/senalconfor.com\/blog\/#\/schema\/person\/7ba1a78ea1c6e5e2366be342e1c88a8f","name":"Mary Jo","image":{"@type":"ImageObject","inLanguage":"es","@id":"https:\/\/senalconfor.com\/blog\/#\/schema\/person\/image\/","url":"https:\/\/secure.gravatar.com\/avatar\/8afb78c5ea6768d0d2f16c8c6d8e9279?s=96&d=mm&r=g","contentUrl":"https:\/\/secure.gravatar.com\/avatar\/8afb78c5ea6768d0d2f16c8c6d8e9279?s=96&d=mm&r=g","caption":"Mary Jo"},"sameAs":["https:\/\/senalconfor.com"],"url":"https:\/\/senalconfor.com\/blog\/author\/mjo\/"}]}},"_links":{"self":[{"href":"https:\/\/senalconfor.com\/blog\/wp-json\/wp\/v2\/posts\/10409","targetHints":{"allow":["GET"]}}],"collection":[{"href":"https:\/\/senalconfor.com\/blog\/wp-json\/wp\/v2\/posts"}],"about":[{"href":"https:\/\/senalconfor.com\/blog\/wp-json\/wp\/v2\/types\/post"}],"author":[{"embeddable":true,"href":"https:\/\/senalconfor.com\/blog\/wp-json\/wp\/v2\/users\/2"}],"replies":[{"embeddable":true,"href":"https:\/\/senalconfor.com\/blog\/wp-json\/wp\/v2\/comments?post=10409"}],"version-history":[{"count":1,"href":"https:\/\/senalconfor.com\/blog\/wp-json\/wp\/v2\/posts\/10409\/revisions"}],"predecessor-version":[{"id":10411,"href":"https:\/\/senalconfor.com\/blog\/wp-json\/wp\/v2\/posts\/10409\/revisions\/10411"}],"wp:featuredmedia":[{"embeddable":true,"href":"https:\/\/senalconfor.com\/blog\/wp-json\/wp\/v2\/media\/10410"}],"wp:attachment":[{"href":"https:\/\/senalconfor.com\/blog\/wp-json\/wp\/v2\/media?parent=10409"}],"wp:term":[{"taxonomy":"category","embeddable":true,"href":"https:\/\/senalconfor.com\/blog\/wp-json\/wp\/v2\/categories?post=10409"},{"taxonomy":"post_tag","embeddable":true,"href":"https:\/\/senalconfor.com\/blog\/wp-json\/wp\/v2\/tags?post=10409"}],"curies":[{"name":"wp","href":"https:\/\/api.w.org\/{rel}","templated":true}]}}