{"id":9587,"date":"2023-05-23T10:10:07","date_gmt":"2023-05-23T10:10:07","guid":{"rendered":"https:\/\/senalconfor.com\/blog\/?p=9587"},"modified":"2023-05-23T10:10:10","modified_gmt":"2023-05-23T10:10:10","slug":"un-semaforo-con-16-pantallas-desata-el-caos-en-barcelona","status":"publish","type":"post","link":"https:\/\/senalconfor.com\/blog\/un-semaforo-con-16-pantallas-desata-el-caos-en-barcelona\/","title":{"rendered":"Un sem\u00e1foro con 16 pantallas desata el caos en Barcelona"},"content":{"rendered":"\n<figure class=\"wp-block-image size-large\"><img loading=\"lazy\" decoding=\"async\" width=\"1024\" height=\"603\" src=\"data:image\/svg+xml,%3Csvg xmlns=%22http:\/\/www.w3.org\/2000\/svg%22 viewBox=%220 0 1024 603%22%3E%3C\/svg%3E\" data-lazy-type=\"image\" data-src=\"https:\/\/senalconfor.com\/blog\/wp-content\/uploads\/2023\/05\/semaforo-barcelona-carril-bici-01-1046x616-1-1024x603.jpg\" alt=\"\" class=\"lazy lazy-hidden wp-image-9588\" srcset=\"\" data-srcset=\"https:\/\/senalconfor.com\/blog\/wp-content\/uploads\/2023\/05\/semaforo-barcelona-carril-bici-01-1046x616-1-1024x603.jpg 1024w, https:\/\/senalconfor.com\/blog\/wp-content\/uploads\/2023\/05\/semaforo-barcelona-carril-bici-01-1046x616-1-300x177.jpg 300w, https:\/\/senalconfor.com\/blog\/wp-content\/uploads\/2023\/05\/semaforo-barcelona-carril-bici-01-1046x616-1.jpg 1046w\" sizes=\"auto, (max-width: 1024px) 100vw, 1024px\" \/><\/figure>\n\n\n\n<p>Est\u00e1 situado en el cruce de la ronda Sant Pere y la calle M\u00e9ndez N\u00fa\u00f1ez, junto a otro que regula una v\u00eda perpendicular.<\/p>\n\n\n\n<p>Los&nbsp;<strong>sem\u00e1foros&nbsp;<\/strong>son se\u00f1ales luminosas que regulan la circulaci\u00f3n de veh\u00edculos, bicicletas y peatones. Con sus tres pantallas y sus tres colores (verde, rojo y \u00e1mbar) indican qui\u00e9n puede seguir con su marcha y qui\u00e9n debe detenerse. Las cosas se complican cuando pasan de indicar&nbsp;<strong>tres \u00f3rdenes&nbsp;<\/strong>a mostrar&nbsp;<strong>hasta 16.<\/strong><\/p>\n\n\n\n<p>Hace unos d\u00edas,&nbsp;<strong>Barcelona&nbsp;<\/strong>inauguraba un&nbsp;<strong>nuevo carril bici<\/strong>&nbsp;situado en la ronda Sant Pere: concretamente el que va desde la calle Girona hasta la plaza Urquinaona. Aunque el ayuntamiento de la Ciudad Condal hab\u00eda asegurado que, en la medida de lo posible, los iba a eliminar por temas de seguridad, se trata de un tramo bidireccional.<\/p>\n\n\n\n<p>La pol\u00e9mica, sin embargo, no reside ah\u00ed: est\u00e1 en uno de los sistemas empleados para regular el tr\u00e1fico de&nbsp;<a href=\"https:\/\/motor.elpais.com\/actualidad\/portabicicletas-asi-se-debe-llevar-la-bici-en-el-coche-segun-la-dgt\/\" target=\"_blank\" rel=\"noreferrer noopener\">bicicletas<\/a>. Se trata de un&nbsp;<strong>sem\u00e1foro&nbsp;<\/strong>ubicado en el&nbsp;<strong>cruce&nbsp;<\/strong>de la ronda Sant Pere y la calle M\u00e9ndez N\u00fa\u00f1ez. Cuando llegan a este punto, los ciclistas tienen tres opciones: seguir recto, girar a la derecha o hacerlo a la izquierda.<\/p>\n\n\n\n<p><a href=\"https:\/\/motor.elpais.com\/actualidad\/las-absurdas-maniobras-de-un-conductor-con-dos-pasajeros-en-las-ventanillas\/\" target=\"_blank\" rel=\"noreferrer noopener\">Maniobras<\/a>&nbsp;que deben llevar a cabo siguiendo las instrucciones tradicionales de un sem\u00e1foro:&nbsp;<strong>verde&nbsp;<\/strong>para circular,&nbsp;<strong>rojo&nbsp;<\/strong>para detener la marcha y&nbsp;<strong>\u00e1mbar para ceder el paso.&nbsp;<\/strong>En las indicaciones para los ciclistas, este tono indica que se puede circular, aunque la prioridad es del peat\u00f3n que est\u00e1 cruzando por el paso de cebra.<\/p>\n\n\n\n<h2 class=\"wp-block-heading\"><strong>Dos se\u00f1ales en el mismo punto<\/strong><\/h2>\n\n\n\n<p>El problema es que el nuevo&nbsp;<a href=\"https:\/\/motor.elpais.com\/conducir\/apagar-el-motor-en-los-semaforos-sirve-para-ahorrar-gasolina\/\" target=\"_blank\" rel=\"noreferrer noopener\">sem\u00e1foro<\/a>&nbsp;<strong>comparte ubicaci\u00f3n<\/strong>&nbsp;con otro que regula la circulaci\u00f3n de los ciclistas que se mueven por la calle perpendicular. Raz\u00f3n por la que ambas se\u00f1ales verticales<strong>&nbsp;suman 16 pantallas<\/strong>&nbsp;y, dependiendo de la ubicaci\u00f3n de la bicicleta, es complicado saber qu\u00e9 orden seguir.<\/p>\n\n\n\n<p>Cada sem\u00e1foro tiene<strong>&nbsp;ocho pantallas:<\/strong>&nbsp;tres en la fila superior que, con flechas, indican las direcciones, otros tres en la del medio y dos m\u00e1s en la inferior en las que aparece el icono de una bicicleta. Estas cinco luces son las que se ti\u00f1en de verde, rojo o \u00e1mbar. Es decir, en total hay&nbsp;<strong>seis direcciones y diez \u00f3rdenes.<\/strong><\/p>\n\n\n\n<h2 class=\"wp-block-heading\"><strong>El sem\u00e1foro cumple la normativa<\/strong><\/h2>\n\n\n\n<p>La conjunci\u00f3n de ambos&nbsp;<a href=\"https:\/\/motor.elpais.com\/tecnologia\/luz-blanca-en-los-semaforos-un-nuevo-sistema-para-regular-el-trafico\/\" target=\"_blank\" rel=\"noreferrer noopener\">sem\u00e1foros<\/a>&nbsp;ha generado todo tipo de<strong>&nbsp;reacciones,&nbsp;<\/strong>sobre todo en redes sociales. El Ayuntamiento de Barcelona ha explicado que con su instalaci\u00f3n pretenden que la&nbsp;<strong>circulaci\u00f3n&nbsp;<\/strong>sea m\u00e1s&nbsp;<strong>ligera&nbsp;<\/strong>y que s\u00f3lo hay que prestar un poco m\u00e1s de atenci\u00f3n cuando se llega hasta \u00e9l.<\/p>\n\n\n\n<p>El consistorio ha asegurado a&nbsp;<em>La Vanguardia<\/em>, adem\u00e1s, que, como todos los que se instalan en la ciudad, el sem\u00e1foro&nbsp;<strong>cumple la normativa.<\/strong>&nbsp;Sin embargo, el manual que rige el dise\u00f1o de los carriles bici recomienda que se instalen&nbsp;<strong>\u00fanicamente&nbsp;<\/strong>los sem\u00e1foros y&nbsp;<a href=\"https:\/\/motor.elpais.com\/conducir\/r120-la-nueva-senal-de-la-dgt-que-empieza-a-llegar-a-las-ciudades\/\" target=\"_blank\" rel=\"noreferrer noopener\">se\u00f1ales<\/a>&nbsp;que sean&nbsp;<strong>necesarios&nbsp;<\/strong>y que su presencia sea m\u00ednima.<\/p>\n\n\n\n<p>En Se\u00f1alConfor nos preocupan las se\u00f1ales de tr\u00e1fico en la nueva movilidad. Separadores de carril bici, reductores de velocidad, balizas, Delinbuses etc.. son se\u00f1ales de tr\u00e1fico urbanas que ayudan al conductor a mejorar su seguridad vial.<\/p>\n\n\n\n<figure class=\"wp-block-embed is-type-wp-embed is-provider-el-motor wp-block-embed-el-motor\"><div class=\"wp-block-embed__wrapper\">\n<blockquote class=\"wp-embedded-content\" data-secret=\"6tZTO96ndJ\"><a href=\"https:\/\/motor.elpais.com\/actualidad\/un-semaforo-con-16-pantallas-desata-el-caos-en-barcelona\/\">Un sem\u00e1foro con 16 pantallas desata el caos en Barcelona<\/a><\/blockquote><iframe loading=\"lazy\" class=\"wp-embedded-content\" sandbox=\"allow-scripts\" security=\"restricted\" style=\"position: absolute; clip: rect(1px, 1px, 1px, 1px);\" title=\"\u00abUn sem\u00e1foro con 16 pantallas desata el caos en Barcelona\u00bb \u2014 El Motor\" src=\"https:\/\/motor.elpais.com\/actualidad\/un-semaforo-con-16-pantallas-desata-el-caos-en-barcelona\/embed\/#?secret=LJbtKRwG1y#?secret=6tZTO96ndJ\" data-secret=\"6tZTO96ndJ\" width=\"600\" height=\"338\" frameborder=\"0\" marginwidth=\"0\" marginheight=\"0\" scrolling=\"no\"><\/iframe>\n<\/div><\/figure>\n","protected":false},"excerpt":{"rendered":"<p>Est\u00e1 situado en el cruce de la ronda Sant Pere y la calle M\u00e9ndez N\u00fa\u00f1ez, junto a otro que regula una v\u00eda perpendicular. Los&nbsp;sem\u00e1foros&nbsp;son se\u00f1ales luminosas que regulan la circulaci\u00f3n de veh\u00edculos, bicicletas y peatones. Con sus tres pantallas y sus tres colores (verde, rojo y \u00e1mbar) indican qui\u00e9n puede seguir con su marcha y&#8230;<\/p>\n","protected":false},"author":2,"featured_media":9588,"comment_status":"closed","ping_status":"closed","sticky":false,"template":"","format":"standard","meta":{"footnotes":""},"categories":[21],"tags":[26,30,85,45,178,29,23],"class_list":["post-9587","post","type-post","status-publish","format-standard","has-post-thumbnail","hentry","category-noticias","tag-balizas","tag-seguridad-vial","tag-seguridadvial","tag-senalconfor-2","tag-senalestrafico","tag-senalizacion","tag-senalizaciones"],"yoast_head":"<!-- This site is optimized with the Yoast SEO plugin v26.8 - https:\/\/yoast.com\/product\/yoast-seo-wordpress\/ -->\n<title>Un sem\u00e1foro con 16 pantallas desata el caos en Barcelona - SE\u00d1ALCONFOR<\/title>\n<meta name=\"robots\" content=\"index, follow, max-snippet:-1, max-image-preview:large, max-video-preview:-1\" \/>\n<link rel=\"canonical\" href=\"https:\/\/senalconfor.com\/blog\/un-semaforo-con-16-pantallas-desata-el-caos-en-barcelona\/\" \/>\n<meta property=\"og:locale\" content=\"es_ES\" \/>\n<meta property=\"og:type\" content=\"article\" \/>\n<meta property=\"og:title\" content=\"Un sem\u00e1foro con 16 pantallas desata el caos en Barcelona - SE\u00d1ALCONFOR\" \/>\n<meta property=\"og:description\" content=\"Est\u00e1 situado en el cruce de la ronda Sant Pere y la calle M\u00e9ndez N\u00fa\u00f1ez, junto a otro que regula una v\u00eda perpendicular. Los&nbsp;sem\u00e1foros&nbsp;son se\u00f1ales luminosas que regulan la circulaci\u00f3n de veh\u00edculos, bicicletas y peatones. Con sus tres pantallas y sus tres colores (verde, rojo y \u00e1mbar) indican qui\u00e9n puede seguir con su marcha y...\" \/>\n<meta property=\"og:url\" content=\"https:\/\/senalconfor.com\/blog\/un-semaforo-con-16-pantallas-desata-el-caos-en-barcelona\/\" \/>\n<meta property=\"og:site_name\" content=\"SE\u00d1ALCONFOR\" \/>\n<meta property=\"article:published_time\" content=\"2023-05-23T10:10:07+00:00\" \/>\n<meta property=\"article:modified_time\" content=\"2023-05-23T10:10:10+00:00\" \/>\n<meta property=\"og:image\" content=\"https:\/\/senalconfor.com\/blog\/wp-content\/uploads\/2023\/05\/semaforo-barcelona-carril-bici-01-1046x616-1.jpg\" \/>\n\t<meta property=\"og:image:width\" content=\"1046\" \/>\n\t<meta property=\"og:image:height\" content=\"616\" \/>\n\t<meta property=\"og:image:type\" content=\"image\/jpeg\" \/>\n<meta name=\"author\" content=\"Mary Jo\" \/>\n<meta name=\"twitter:card\" content=\"summary_large_image\" \/>\n<meta name=\"twitter:label1\" content=\"Escrito por\" \/>\n\t<meta name=\"twitter:data1\" content=\"Mary Jo\" \/>\n\t<meta name=\"twitter:label2\" content=\"Tiempo de lectura\" \/>\n\t<meta name=\"twitter:data2\" content=\"3 minutos\" \/>\n<script type=\"application\/ld+json\" class=\"yoast-schema-graph\">{\"@context\":\"https:\/\/schema.org\",\"@graph\":[{\"@type\":\"Article\",\"@id\":\"https:\/\/senalconfor.com\/blog\/un-semaforo-con-16-pantallas-desata-el-caos-en-barcelona\/#article\",\"isPartOf\":{\"@id\":\"https:\/\/senalconfor.com\/blog\/un-semaforo-con-16-pantallas-desata-el-caos-en-barcelona\/\"},\"author\":{\"name\":\"Mary Jo\",\"@id\":\"https:\/\/senalconfor.com\/blog\/#\/schema\/person\/7ba1a78ea1c6e5e2366be342e1c88a8f\"},\"headline\":\"Un sem\u00e1foro con 16 pantallas desata el caos en Barcelona\",\"datePublished\":\"2023-05-23T10:10:07+00:00\",\"dateModified\":\"2023-05-23T10:10:10+00:00\",\"mainEntityOfPage\":{\"@id\":\"https:\/\/senalconfor.com\/blog\/un-semaforo-con-16-pantallas-desata-el-caos-en-barcelona\/\"},\"wordCount\":644,\"image\":{\"@id\":\"https:\/\/senalconfor.com\/blog\/un-semaforo-con-16-pantallas-desata-el-caos-en-barcelona\/#primaryimage\"},\"thumbnailUrl\":\"https:\/\/senalconfor.com\/blog\/wp-content\/uploads\/2023\/05\/semaforo-barcelona-carril-bici-01-1046x616-1.jpg\",\"keywords\":[\"balizas\",\"seguridad vial\",\"seguridadvial\",\"Se\u00f1alConfor\",\"se\u00f1alestrafico\",\"se\u00f1alizacion\",\"se\u00f1alizaciones\"],\"articleSection\":[\"Noticias\"],\"inLanguage\":\"es\"},{\"@type\":\"WebPage\",\"@id\":\"https:\/\/senalconfor.com\/blog\/un-semaforo-con-16-pantallas-desata-el-caos-en-barcelona\/\",\"url\":\"https:\/\/senalconfor.com\/blog\/un-semaforo-con-16-pantallas-desata-el-caos-en-barcelona\/\",\"name\":\"Un sem\u00e1foro con 16 pantallas desata el caos en Barcelona - SE\u00d1ALCONFOR\",\"isPartOf\":{\"@id\":\"https:\/\/senalconfor.com\/blog\/#website\"},\"primaryImageOfPage\":{\"@id\":\"https:\/\/senalconfor.com\/blog\/un-semaforo-con-16-pantallas-desata-el-caos-en-barcelona\/#primaryimage\"},\"image\":{\"@id\":\"https:\/\/senalconfor.com\/blog\/un-semaforo-con-16-pantallas-desata-el-caos-en-barcelona\/#primaryimage\"},\"thumbnailUrl\":\"https:\/\/senalconfor.com\/blog\/wp-content\/uploads\/2023\/05\/semaforo-barcelona-carril-bici-01-1046x616-1.jpg\",\"datePublished\":\"2023-05-23T10:10:07+00:00\",\"dateModified\":\"2023-05-23T10:10:10+00:00\",\"author\":{\"@id\":\"https:\/\/senalconfor.com\/blog\/#\/schema\/person\/7ba1a78ea1c6e5e2366be342e1c88a8f\"},\"breadcrumb\":{\"@id\":\"https:\/\/senalconfor.com\/blog\/un-semaforo-con-16-pantallas-desata-el-caos-en-barcelona\/#breadcrumb\"},\"inLanguage\":\"es\",\"potentialAction\":[{\"@type\":\"ReadAction\",\"target\":[\"https:\/\/senalconfor.com\/blog\/un-semaforo-con-16-pantallas-desata-el-caos-en-barcelona\/\"]}]},{\"@type\":\"ImageObject\",\"inLanguage\":\"es\",\"@id\":\"https:\/\/senalconfor.com\/blog\/un-semaforo-con-16-pantallas-desata-el-caos-en-barcelona\/#primaryimage\",\"url\":\"https:\/\/senalconfor.com\/blog\/wp-content\/uploads\/2023\/05\/semaforo-barcelona-carril-bici-01-1046x616-1.jpg\",\"contentUrl\":\"https:\/\/senalconfor.com\/blog\/wp-content\/uploads\/2023\/05\/semaforo-barcelona-carril-bici-01-1046x616-1.jpg\",\"width\":1046,\"height\":616},{\"@type\":\"BreadcrumbList\",\"@id\":\"https:\/\/senalconfor.com\/blog\/un-semaforo-con-16-pantallas-desata-el-caos-en-barcelona\/#breadcrumb\",\"itemListElement\":[{\"@type\":\"ListItem\",\"position\":1,\"name\":\"Portada\",\"item\":\"https:\/\/senalconfor.com\/blog\/\"},{\"@type\":\"ListItem\",\"position\":2,\"name\":\"Un sem\u00e1foro con 16 pantallas desata el caos en Barcelona\"}]},{\"@type\":\"WebSite\",\"@id\":\"https:\/\/senalconfor.com\/blog\/#website\",\"url\":\"https:\/\/senalconfor.com\/blog\/\",\"name\":\"SE\u00d1ALCONFOR\",\"description\":\"Balizas cil\u00edndicas, hitos de divergencia, hitos de arista,se\u00f1ales urbanas,espejos, conos de tr\u00e1fico\",\"potentialAction\":[{\"@type\":\"SearchAction\",\"target\":{\"@type\":\"EntryPoint\",\"urlTemplate\":\"https:\/\/senalconfor.com\/blog\/?s={search_term_string}\"},\"query-input\":{\"@type\":\"PropertyValueSpecification\",\"valueRequired\":true,\"valueName\":\"search_term_string\"}}],\"inLanguage\":\"es\"},{\"@type\":\"Person\",\"@id\":\"https:\/\/senalconfor.com\/blog\/#\/schema\/person\/7ba1a78ea1c6e5e2366be342e1c88a8f\",\"name\":\"Mary Jo\",\"image\":{\"@type\":\"ImageObject\",\"inLanguage\":\"es\",\"@id\":\"https:\/\/senalconfor.com\/blog\/#\/schema\/person\/image\/\",\"url\":\"https:\/\/secure.gravatar.com\/avatar\/8afb78c5ea6768d0d2f16c8c6d8e9279?s=96&d=mm&r=g\",\"contentUrl\":\"https:\/\/secure.gravatar.com\/avatar\/8afb78c5ea6768d0d2f16c8c6d8e9279?s=96&d=mm&r=g\",\"caption\":\"Mary Jo\"},\"sameAs\":[\"https:\/\/senalconfor.com\"],\"url\":\"https:\/\/senalconfor.com\/blog\/author\/mjo\/\"}]}<\/script>\n<!-- \/ Yoast SEO plugin. -->","yoast_head_json":{"title":"Un sem\u00e1foro con 16 pantallas desata el caos en Barcelona - SE\u00d1ALCONFOR","robots":{"index":"index","follow":"follow","max-snippet":"max-snippet:-1","max-image-preview":"max-image-preview:large","max-video-preview":"max-video-preview:-1"},"canonical":"https:\/\/senalconfor.com\/blog\/un-semaforo-con-16-pantallas-desata-el-caos-en-barcelona\/","og_locale":"es_ES","og_type":"article","og_title":"Un sem\u00e1foro con 16 pantallas desata el caos en Barcelona - SE\u00d1ALCONFOR","og_description":"Est\u00e1 situado en el cruce de la ronda Sant Pere y la calle M\u00e9ndez N\u00fa\u00f1ez, junto a otro que regula una v\u00eda perpendicular. Los&nbsp;sem\u00e1foros&nbsp;son se\u00f1ales luminosas que regulan la circulaci\u00f3n de veh\u00edculos, bicicletas y peatones. Con sus tres pantallas y sus tres colores (verde, rojo y \u00e1mbar) indican qui\u00e9n puede seguir con su marcha y...","og_url":"https:\/\/senalconfor.com\/blog\/un-semaforo-con-16-pantallas-desata-el-caos-en-barcelona\/","og_site_name":"SE\u00d1ALCONFOR","article_published_time":"2023-05-23T10:10:07+00:00","article_modified_time":"2023-05-23T10:10:10+00:00","og_image":[{"width":1046,"height":616,"url":"https:\/\/senalconfor.com\/blog\/wp-content\/uploads\/2023\/05\/semaforo-barcelona-carril-bici-01-1046x616-1.jpg","type":"image\/jpeg"}],"author":"Mary Jo","twitter_card":"summary_large_image","twitter_misc":{"Escrito por":"Mary Jo","Tiempo de lectura":"3 minutos"},"schema":{"@context":"https:\/\/schema.org","@graph":[{"@type":"Article","@id":"https:\/\/senalconfor.com\/blog\/un-semaforo-con-16-pantallas-desata-el-caos-en-barcelona\/#article","isPartOf":{"@id":"https:\/\/senalconfor.com\/blog\/un-semaforo-con-16-pantallas-desata-el-caos-en-barcelona\/"},"author":{"name":"Mary Jo","@id":"https:\/\/senalconfor.com\/blog\/#\/schema\/person\/7ba1a78ea1c6e5e2366be342e1c88a8f"},"headline":"Un sem\u00e1foro con 16 pantallas desata el caos en Barcelona","datePublished":"2023-05-23T10:10:07+00:00","dateModified":"2023-05-23T10:10:10+00:00","mainEntityOfPage":{"@id":"https:\/\/senalconfor.com\/blog\/un-semaforo-con-16-pantallas-desata-el-caos-en-barcelona\/"},"wordCount":644,"image":{"@id":"https:\/\/senalconfor.com\/blog\/un-semaforo-con-16-pantallas-desata-el-caos-en-barcelona\/#primaryimage"},"thumbnailUrl":"https:\/\/senalconfor.com\/blog\/wp-content\/uploads\/2023\/05\/semaforo-barcelona-carril-bici-01-1046x616-1.jpg","keywords":["balizas","seguridad vial","seguridadvial","Se\u00f1alConfor","se\u00f1alestrafico","se\u00f1alizacion","se\u00f1alizaciones"],"articleSection":["Noticias"],"inLanguage":"es"},{"@type":"WebPage","@id":"https:\/\/senalconfor.com\/blog\/un-semaforo-con-16-pantallas-desata-el-caos-en-barcelona\/","url":"https:\/\/senalconfor.com\/blog\/un-semaforo-con-16-pantallas-desata-el-caos-en-barcelona\/","name":"Un sem\u00e1foro con 16 pantallas desata el caos en Barcelona - SE\u00d1ALCONFOR","isPartOf":{"@id":"https:\/\/senalconfor.com\/blog\/#website"},"primaryImageOfPage":{"@id":"https:\/\/senalconfor.com\/blog\/un-semaforo-con-16-pantallas-desata-el-caos-en-barcelona\/#primaryimage"},"image":{"@id":"https:\/\/senalconfor.com\/blog\/un-semaforo-con-16-pantallas-desata-el-caos-en-barcelona\/#primaryimage"},"thumbnailUrl":"https:\/\/senalconfor.com\/blog\/wp-content\/uploads\/2023\/05\/semaforo-barcelona-carril-bici-01-1046x616-1.jpg","datePublished":"2023-05-23T10:10:07+00:00","dateModified":"2023-05-23T10:10:10+00:00","author":{"@id":"https:\/\/senalconfor.com\/blog\/#\/schema\/person\/7ba1a78ea1c6e5e2366be342e1c88a8f"},"breadcrumb":{"@id":"https:\/\/senalconfor.com\/blog\/un-semaforo-con-16-pantallas-desata-el-caos-en-barcelona\/#breadcrumb"},"inLanguage":"es","potentialAction":[{"@type":"ReadAction","target":["https:\/\/senalconfor.com\/blog\/un-semaforo-con-16-pantallas-desata-el-caos-en-barcelona\/"]}]},{"@type":"ImageObject","inLanguage":"es","@id":"https:\/\/senalconfor.com\/blog\/un-semaforo-con-16-pantallas-desata-el-caos-en-barcelona\/#primaryimage","url":"https:\/\/senalconfor.com\/blog\/wp-content\/uploads\/2023\/05\/semaforo-barcelona-carril-bici-01-1046x616-1.jpg","contentUrl":"https:\/\/senalconfor.com\/blog\/wp-content\/uploads\/2023\/05\/semaforo-barcelona-carril-bici-01-1046x616-1.jpg","width":1046,"height":616},{"@type":"BreadcrumbList","@id":"https:\/\/senalconfor.com\/blog\/un-semaforo-con-16-pantallas-desata-el-caos-en-barcelona\/#breadcrumb","itemListElement":[{"@type":"ListItem","position":1,"name":"Portada","item":"https:\/\/senalconfor.com\/blog\/"},{"@type":"ListItem","position":2,"name":"Un sem\u00e1foro con 16 pantallas desata el caos en Barcelona"}]},{"@type":"WebSite","@id":"https:\/\/senalconfor.com\/blog\/#website","url":"https:\/\/senalconfor.com\/blog\/","name":"SE\u00d1ALCONFOR","description":"Balizas cil\u00edndicas, hitos de divergencia, hitos de arista,se\u00f1ales urbanas,espejos, conos de tr\u00e1fico","potentialAction":[{"@type":"SearchAction","target":{"@type":"EntryPoint","urlTemplate":"https:\/\/senalconfor.com\/blog\/?s={search_term_string}"},"query-input":{"@type":"PropertyValueSpecification","valueRequired":true,"valueName":"search_term_string"}}],"inLanguage":"es"},{"@type":"Person","@id":"https:\/\/senalconfor.com\/blog\/#\/schema\/person\/7ba1a78ea1c6e5e2366be342e1c88a8f","name":"Mary Jo","image":{"@type":"ImageObject","inLanguage":"es","@id":"https:\/\/senalconfor.com\/blog\/#\/schema\/person\/image\/","url":"https:\/\/secure.gravatar.com\/avatar\/8afb78c5ea6768d0d2f16c8c6d8e9279?s=96&d=mm&r=g","contentUrl":"https:\/\/secure.gravatar.com\/avatar\/8afb78c5ea6768d0d2f16c8c6d8e9279?s=96&d=mm&r=g","caption":"Mary Jo"},"sameAs":["https:\/\/senalconfor.com"],"url":"https:\/\/senalconfor.com\/blog\/author\/mjo\/"}]}},"_links":{"self":[{"href":"https:\/\/senalconfor.com\/blog\/wp-json\/wp\/v2\/posts\/9587","targetHints":{"allow":["GET"]}}],"collection":[{"href":"https:\/\/senalconfor.com\/blog\/wp-json\/wp\/v2\/posts"}],"about":[{"href":"https:\/\/senalconfor.com\/blog\/wp-json\/wp\/v2\/types\/post"}],"author":[{"embeddable":true,"href":"https:\/\/senalconfor.com\/blog\/wp-json\/wp\/v2\/users\/2"}],"replies":[{"embeddable":true,"href":"https:\/\/senalconfor.com\/blog\/wp-json\/wp\/v2\/comments?post=9587"}],"version-history":[{"count":1,"href":"https:\/\/senalconfor.com\/blog\/wp-json\/wp\/v2\/posts\/9587\/revisions"}],"predecessor-version":[{"id":9590,"href":"https:\/\/senalconfor.com\/blog\/wp-json\/wp\/v2\/posts\/9587\/revisions\/9590"}],"wp:featuredmedia":[{"embeddable":true,"href":"https:\/\/senalconfor.com\/blog\/wp-json\/wp\/v2\/media\/9588"}],"wp:attachment":[{"href":"https:\/\/senalconfor.com\/blog\/wp-json\/wp\/v2\/media?parent=9587"}],"wp:term":[{"taxonomy":"category","embeddable":true,"href":"https:\/\/senalconfor.com\/blog\/wp-json\/wp\/v2\/categories?post=9587"},{"taxonomy":"post_tag","embeddable":true,"href":"https:\/\/senalconfor.com\/blog\/wp-json\/wp\/v2\/tags?post=9587"}],"curies":[{"name":"wp","href":"https:\/\/api.w.org\/{rel}","templated":true}]}}