{"id":9647,"date":"2023-09-05T09:17:39","date_gmt":"2023-09-05T09:17:39","guid":{"rendered":"https:\/\/senalconfor.com\/blog\/?p=9647"},"modified":"2023-09-05T09:17:41","modified_gmt":"2023-09-05T09:17:41","slug":"la-generalitat-invertira-120-millones-en-pacificar-la-n-ii-y-reconfigurar-la-c-32-en-el-maresme","status":"publish","type":"post","link":"https:\/\/senalconfor.com\/blog\/la-generalitat-invertira-120-millones-en-pacificar-la-n-ii-y-reconfigurar-la-c-32-en-el-maresme\/","title":{"rendered":"La Generalitat invertir\u00e1 120 millones en pacificar la N-II y reconfigurar la C-32 en el Maresme"},"content":{"rendered":"\n<figure class=\"wp-block-image size-full\"><img loading=\"lazy\" decoding=\"async\" width=\"640\" height=\"480\" src=\"data:image\/svg+xml,%3Csvg xmlns=%22http:\/\/www.w3.org\/2000\/svg%22 viewBox=%220 0 640 480%22%3E%3C\/svg%3E\" data-lazy-type=\"image\" data-src=\"https:\/\/senalconfor.com\/blog\/wp-content\/uploads\/2023\/09\/IMG_1393.jpg\" alt=\"\" class=\"lazy lazy-hidden wp-image-9648\" srcset=\"\" data-srcset=\"https:\/\/senalconfor.com\/blog\/wp-content\/uploads\/2023\/09\/IMG_1393.jpg 640w, https:\/\/senalconfor.com\/blog\/wp-content\/uploads\/2023\/09\/IMG_1393-300x225.jpg 300w\" sizes=\"auto, (max-width: 640px) 100vw, 640px\" \/><\/figure>\n\n\n\n<p><strong>Territori impulsa la redacci\u00f3n de los proyectos para la integraci\u00f3n urbana de la carretera en 40 kil\u00f3metros y configura una v\u00eda ciclista continua<\/strong><\/p>\n\n\n\n<p><strong>La C-32 desde la liberaci\u00f3n de peajes aglutina el 82% del tr\u00e1fico de la comarca y en el Alt Maresme el 50%<\/strong><\/p>\n\n\n\n<p>El Departament de Vicepresid\u00e8ncia i Pol\u00edtiques Digitals i Territori de la Generalitat, ya ha impulsado la redacci\u00f3n de todos los proyectos para la integraci\u00f3n urbana de la carretera a lo largo de m\u00e1s de 40 kil\u00f3metros y de configuraci\u00f3n de una v\u00eda ciclista continua. Las actuaciones se insertan en el conjunto de medidas, valoradas en 120 millones de euros, para transformar la movilidad de la comarca en el marco de la liberaci\u00f3n de los peajes de la C-32 norte.<\/p>\n\n\n\n<p>Para ello, la Generalitat ha iniciado una serie de reuniones con el Consell Comarcal y los ayuntamientos para encajar las actuaciones en las caracter\u00edsticas de trazado y las necesidades de cada tramo. Una reuni\u00f3n del Pacte per la Mobilitat Sostenible del Maresme ha dado hoy el pistoletazo de salida a este trabajo de consenso territorial para concretar t\u00e9cnicamente las actuaciones que transformar\u00e1n la N-II en una v\u00eda m\u00e1s c\u00edvica y segura, integrada en el entorno y permeable. Estas medidas se sumar\u00e1n a las previstas para reconfigurar y mejorar la accesibilidad en la C-32.<\/p>\n\n\n\n<p><strong>El proyecto de pacificaci\u00f3n de la N-II se tiene que plantear desde una visi\u00f3n global<\/strong><\/p>\n\n\n\n<p>El secretario de Territori i Mobilitat, Isidre Gav\u00edn, ha puesto de relieve que \u00abhoy damos cuenta de la actuaci\u00f3n que est\u00e1 llevando a cabo el Departament, con una evaluaci\u00f3n y comparti\u00e9ndola con la comarca desde el di\u00e1logo y consensuando al m\u00e1ximo las soluciones, con una visi\u00f3n de movilidad global\u00bb. Gav\u00edn ha subrayado que las actuaciones que se est\u00e1n desarrollando, como la pacificaci\u00f3n de la N-II, las mejoras en el transporte p\u00fablico, la implantaci\u00f3n de una v\u00eda ciclista continua en la comarca o la instalaci\u00f3n de placas fotovoltaicas en los espacios liberados del peaje de la C-32 se enmarcan en la pol\u00edtica descarbonizadora y de sostenibilidad del Departamento.<\/p>\n\n\n\n<p>El presidente del Consell Comarcal del Maresme, Dami\u00e0 del Clot, ha manifestado que es un clamor del territorio la mejora de la movilidad y que, a su vez, es necesario que cualquier proyecto \u00absea pactado con los municipios dadas las diferentes singularidades que conviven en el Maresme\u00bb manteniendo una l\u00ednea homog\u00e9nea para toda la comarca.<\/p>\n\n\n\n<p>Durante la rueda de prensa se ha advertido que no se pueden impulsar proyectos exclusivos para cada municipio, como ya han hecho algunos en el Baix Maresme, sin tener en cuenta al resto del territorio.<\/p>\n\n\n\n<p>En el marco de la liberaci\u00f3n de los peajes de la C-32 norte \u2013efectivo desde el pasado 1 de septiembre- el Departament est\u00e1 desarrollando un plan para pacificar la N-II y reconfigurar la C-32 Las mejoras en las dos v\u00edas supondr\u00e1n una inversi\u00f3n de 120 millones de euros y se ejecutar\u00e1n a partir de este a\u00f1o y hasta 2026. As\u00ed, Territori est\u00e1 trabajando en un nuevo modelo de movilidad en la comarca que, adem\u00e1s de convertir la N-II en una v\u00eda m\u00e1s local e integrada, mejorar\u00e1 la conectividad y funcionalidad de la C-32 para captar el tr\u00e1fico de paso que utilizaba la N-II y otras carreteras o viales urbanos.<\/p>\n\n\n\n<p>La reconfiguraci\u00f3n vial del corredor de la C-32 y la pacificaci\u00f3n de la N-II es un proyecto consensuado con el territorio a trav\u00e9s del Pacto de Movilidad del Maresme, suscrito con el Consell Comarcal y con la intervenci\u00f3n de varios agentes y municipios de la zona. Asimismo, est\u00e1n en marcha los proyectos para la construcci\u00f3n de tramos de carriles bici que, sumados a los que ya est\u00e1n en desarrollo o en planificaci\u00f3n por parte de los municipios, configurar\u00e1n una v\u00eda para ciclistas y peatones continua en todo el corredor desde Montgat hasta Tordera.<\/p>\n\n\n\n<p>El programa de actuaciones, con una inversi\u00f3n prevista de 60 millones de euros para la pacificaci\u00f3n, propone una integraci\u00f3n urbana de la N-II con la incorporaci\u00f3n de un carril bici segregado sobre la plataforma viaria existente donde sea t\u00e9cnicamente posible y la ampliaci\u00f3n de aceras por a facilitar la movilidad de peatones y espacios de servicios. Asimismo, se reducir\u00e1 el n\u00famero de carriles de la calzada, se disminuir\u00e1 la velocidad m\u00e1xima permitida, se mejorar\u00e1 la conectividad local y se aplicar\u00e1n medidas para favorecer la seguridad. Adem\u00e1s, se apuesta por una mayor integraci\u00f3n y accesibilidad del transporte p\u00fablico. Se garantizar\u00e1 la continuidad de la v\u00eda ciclista en la comarca principalmente a trav\u00e9s de la N-II o paseos mar\u00edtimos.<\/p>\n\n\n\n<p>Los proyectos, que abarcan una longitud de m\u00e1s de 40 kil\u00f3metros, concretar\u00e1n t\u00e9cnicamente las actuaciones necesarias y su configuraci\u00f3n. La actuaci\u00f3n se ha dividido en seis proyectos: tres garantizar\u00e1n una v\u00eda ciclista en el Alt Maresme que d\u00e9 continuidad por la carretera a los tramos del paseo mar\u00edtimo y otros tres proyectos de pacificaci\u00f3n de la N-II seg\u00fan tramos. Actualmente, la redacci\u00f3n del proyecto de integraci\u00f3n urbana de la N-II en el Baix Maresme ya est\u00e1 adjudicado y ya se ha iniciado la redacci\u00f3n de los tres tramos de carriles bici en el Maresme, que tambi\u00e9n incorporar\u00e1n medidas de pacificaci\u00f3n de la N- II. El resto de trabajos de redacci\u00f3n de proyectos est\u00e1n en licitaci\u00f3n. Las obras de alguno de estos tramos podr\u00edan empezar a finales de 2023.<\/p>\n\n\n\n<p>La pacificaci\u00f3n de la N-II est\u00e1 estrechamente ligada a la accesibilidad de la C-32; la mejora de su conectividad con los diversos municipios debe contribuir a que el tr\u00e1fico de paso que todav\u00eda utiliza la N-II se encamine hacia la autopista. As\u00ed, en paralelo, el Departamento saca a licitaci\u00f3n la redacci\u00f3n de los estudios informativos y de los primeros proyectos constructivos para la formaci\u00f3n de nuevos enlaces a la C-32 a su paso por el Maresme. El conjunto de actuaciones en enlaces comportar\u00e1 una inversi\u00f3n estimada en otros 60 millones de euros.<\/p>\n\n\n\n<p>Se\u00f1alConfor balizas balizas cilindricas banda reductora de velocidad bolardo coj\u00edn berlin\u00e9s cono cono reflectante empresas de se\u00f1alizacion Hito H75 se\u00f1ales de tr\u00e1fico se\u00f1ales urbanas venta se\u00f1ales de trafico <\/p>\n","protected":false},"excerpt":{"rendered":"<p>Territori impulsa la redacci\u00f3n de los proyectos para la integraci\u00f3n urbana de la carretera en 40 kil\u00f3metros y configura una v\u00eda ciclista continua La C-32 desde la liberaci\u00f3n de peajes aglutina el 82% del tr\u00e1fico de la comarca y en el Alt Maresme el 50% El Departament de Vicepresid\u00e8ncia i Pol\u00edtiques Digitals i Territori de&#8230;<\/p>\n","protected":false},"author":2,"featured_media":9648,"comment_status":"closed","ping_status":"closed","sticky":false,"template":"","format":"standard","meta":{"footnotes":""},"categories":[21],"tags":[26,24,110,85,45,178,29,49],"class_list":["post-9647","post","type-post","status-publish","format-standard","has-post-thumbnail","hentry","category-noticias","tag-balizas","tag-carreteras","tag-conos","tag-seguridadvial","tag-senalconfor-2","tag-senalestrafico","tag-senalizacion","tag-trafico"],"yoast_head":"<!-- This site is optimized with the Yoast SEO plugin v26.8 - https:\/\/yoast.com\/product\/yoast-seo-wordpress\/ -->\n<title>La Generalitat invertir\u00e1 120 millones en pacificar la N-II y reconfigurar la C-32 en el Maresme - SE\u00d1ALCONFOR<\/title>\n<meta name=\"robots\" content=\"index, follow, max-snippet:-1, max-image-preview:large, max-video-preview:-1\" \/>\n<link rel=\"canonical\" href=\"https:\/\/senalconfor.com\/blog\/la-generalitat-invertira-120-millones-en-pacificar-la-n-ii-y-reconfigurar-la-c-32-en-el-maresme\/\" \/>\n<meta property=\"og:locale\" content=\"es_ES\" \/>\n<meta property=\"og:type\" content=\"article\" \/>\n<meta property=\"og:title\" content=\"La Generalitat invertir\u00e1 120 millones en pacificar la N-II y reconfigurar la C-32 en el Maresme - SE\u00d1ALCONFOR\" \/>\n<meta property=\"og:description\" content=\"Territori impulsa la redacci\u00f3n de los proyectos para la integraci\u00f3n urbana de la carretera en 40 kil\u00f3metros y configura una v\u00eda ciclista continua La C-32 desde la liberaci\u00f3n de peajes aglutina el 82% del tr\u00e1fico de la comarca y en el Alt Maresme el 50% El Departament de Vicepresid\u00e8ncia i Pol\u00edtiques Digitals i Territori de...\" \/>\n<meta property=\"og:url\" content=\"https:\/\/senalconfor.com\/blog\/la-generalitat-invertira-120-millones-en-pacificar-la-n-ii-y-reconfigurar-la-c-32-en-el-maresme\/\" \/>\n<meta property=\"og:site_name\" content=\"SE\u00d1ALCONFOR\" \/>\n<meta property=\"article:published_time\" content=\"2023-09-05T09:17:39+00:00\" \/>\n<meta property=\"article:modified_time\" content=\"2023-09-05T09:17:41+00:00\" \/>\n<meta property=\"og:image\" content=\"https:\/\/senalconfor.com\/blog\/wp-content\/uploads\/2023\/09\/IMG_1393.jpg\" \/>\n\t<meta property=\"og:image:width\" content=\"640\" \/>\n\t<meta property=\"og:image:height\" content=\"480\" \/>\n\t<meta property=\"og:image:type\" content=\"image\/jpeg\" \/>\n<meta name=\"author\" content=\"Mary Jo\" \/>\n<meta name=\"twitter:card\" content=\"summary_large_image\" \/>\n<meta name=\"twitter:label1\" content=\"Escrito por\" \/>\n\t<meta name=\"twitter:data1\" content=\"Mary Jo\" \/>\n\t<meta name=\"twitter:label2\" content=\"Tiempo de lectura\" \/>\n\t<meta name=\"twitter:data2\" content=\"5 minutos\" \/>\n<script type=\"application\/ld+json\" class=\"yoast-schema-graph\">{\"@context\":\"https:\/\/schema.org\",\"@graph\":[{\"@type\":\"Article\",\"@id\":\"https:\/\/senalconfor.com\/blog\/la-generalitat-invertira-120-millones-en-pacificar-la-n-ii-y-reconfigurar-la-c-32-en-el-maresme\/#article\",\"isPartOf\":{\"@id\":\"https:\/\/senalconfor.com\/blog\/la-generalitat-invertira-120-millones-en-pacificar-la-n-ii-y-reconfigurar-la-c-32-en-el-maresme\/\"},\"author\":{\"name\":\"Mary Jo\",\"@id\":\"https:\/\/senalconfor.com\/blog\/#\/schema\/person\/7ba1a78ea1c6e5e2366be342e1c88a8f\"},\"headline\":\"La Generalitat invertir\u00e1 120 millones en pacificar la N-II y reconfigurar la C-32 en el Maresme\",\"datePublished\":\"2023-09-05T09:17:39+00:00\",\"dateModified\":\"2023-09-05T09:17:41+00:00\",\"mainEntityOfPage\":{\"@id\":\"https:\/\/senalconfor.com\/blog\/la-generalitat-invertira-120-millones-en-pacificar-la-n-ii-y-reconfigurar-la-c-32-en-el-maresme\/\"},\"wordCount\":1112,\"image\":{\"@id\":\"https:\/\/senalconfor.com\/blog\/la-generalitat-invertira-120-millones-en-pacificar-la-n-ii-y-reconfigurar-la-c-32-en-el-maresme\/#primaryimage\"},\"thumbnailUrl\":\"https:\/\/senalconfor.com\/blog\/wp-content\/uploads\/2023\/09\/IMG_1393.jpg\",\"keywords\":[\"balizas\",\"carreteras\",\"conos\",\"seguridadvial\",\"Se\u00f1alConfor\",\"se\u00f1alestrafico\",\"se\u00f1alizacion\",\"trafico\"],\"articleSection\":[\"Noticias\"],\"inLanguage\":\"es\"},{\"@type\":\"WebPage\",\"@id\":\"https:\/\/senalconfor.com\/blog\/la-generalitat-invertira-120-millones-en-pacificar-la-n-ii-y-reconfigurar-la-c-32-en-el-maresme\/\",\"url\":\"https:\/\/senalconfor.com\/blog\/la-generalitat-invertira-120-millones-en-pacificar-la-n-ii-y-reconfigurar-la-c-32-en-el-maresme\/\",\"name\":\"La Generalitat invertir\u00e1 120 millones en pacificar la N-II y reconfigurar la C-32 en el Maresme - SE\u00d1ALCONFOR\",\"isPartOf\":{\"@id\":\"https:\/\/senalconfor.com\/blog\/#website\"},\"primaryImageOfPage\":{\"@id\":\"https:\/\/senalconfor.com\/blog\/la-generalitat-invertira-120-millones-en-pacificar-la-n-ii-y-reconfigurar-la-c-32-en-el-maresme\/#primaryimage\"},\"image\":{\"@id\":\"https:\/\/senalconfor.com\/blog\/la-generalitat-invertira-120-millones-en-pacificar-la-n-ii-y-reconfigurar-la-c-32-en-el-maresme\/#primaryimage\"},\"thumbnailUrl\":\"https:\/\/senalconfor.com\/blog\/wp-content\/uploads\/2023\/09\/IMG_1393.jpg\",\"datePublished\":\"2023-09-05T09:17:39+00:00\",\"dateModified\":\"2023-09-05T09:17:41+00:00\",\"author\":{\"@id\":\"https:\/\/senalconfor.com\/blog\/#\/schema\/person\/7ba1a78ea1c6e5e2366be342e1c88a8f\"},\"breadcrumb\":{\"@id\":\"https:\/\/senalconfor.com\/blog\/la-generalitat-invertira-120-millones-en-pacificar-la-n-ii-y-reconfigurar-la-c-32-en-el-maresme\/#breadcrumb\"},\"inLanguage\":\"es\",\"potentialAction\":[{\"@type\":\"ReadAction\",\"target\":[\"https:\/\/senalconfor.com\/blog\/la-generalitat-invertira-120-millones-en-pacificar-la-n-ii-y-reconfigurar-la-c-32-en-el-maresme\/\"]}]},{\"@type\":\"ImageObject\",\"inLanguage\":\"es\",\"@id\":\"https:\/\/senalconfor.com\/blog\/la-generalitat-invertira-120-millones-en-pacificar-la-n-ii-y-reconfigurar-la-c-32-en-el-maresme\/#primaryimage\",\"url\":\"https:\/\/senalconfor.com\/blog\/wp-content\/uploads\/2023\/09\/IMG_1393.jpg\",\"contentUrl\":\"https:\/\/senalconfor.com\/blog\/wp-content\/uploads\/2023\/09\/IMG_1393.jpg\",\"width\":640,\"height\":480},{\"@type\":\"BreadcrumbList\",\"@id\":\"https:\/\/senalconfor.com\/blog\/la-generalitat-invertira-120-millones-en-pacificar-la-n-ii-y-reconfigurar-la-c-32-en-el-maresme\/#breadcrumb\",\"itemListElement\":[{\"@type\":\"ListItem\",\"position\":1,\"name\":\"Portada\",\"item\":\"https:\/\/senalconfor.com\/blog\/\"},{\"@type\":\"ListItem\",\"position\":2,\"name\":\"La Generalitat invertir\u00e1 120 millones en pacificar la N-II y reconfigurar la C-32 en el Maresme\"}]},{\"@type\":\"WebSite\",\"@id\":\"https:\/\/senalconfor.com\/blog\/#website\",\"url\":\"https:\/\/senalconfor.com\/blog\/\",\"name\":\"SE\u00d1ALCONFOR\",\"description\":\"Balizas cil\u00edndicas, hitos de divergencia, hitos de arista,se\u00f1ales urbanas,espejos, conos de tr\u00e1fico\",\"potentialAction\":[{\"@type\":\"SearchAction\",\"target\":{\"@type\":\"EntryPoint\",\"urlTemplate\":\"https:\/\/senalconfor.com\/blog\/?s={search_term_string}\"},\"query-input\":{\"@type\":\"PropertyValueSpecification\",\"valueRequired\":true,\"valueName\":\"search_term_string\"}}],\"inLanguage\":\"es\"},{\"@type\":\"Person\",\"@id\":\"https:\/\/senalconfor.com\/blog\/#\/schema\/person\/7ba1a78ea1c6e5e2366be342e1c88a8f\",\"name\":\"Mary Jo\",\"image\":{\"@type\":\"ImageObject\",\"inLanguage\":\"es\",\"@id\":\"https:\/\/senalconfor.com\/blog\/#\/schema\/person\/image\/\",\"url\":\"https:\/\/secure.gravatar.com\/avatar\/8afb78c5ea6768d0d2f16c8c6d8e9279?s=96&d=mm&r=g\",\"contentUrl\":\"https:\/\/secure.gravatar.com\/avatar\/8afb78c5ea6768d0d2f16c8c6d8e9279?s=96&d=mm&r=g\",\"caption\":\"Mary Jo\"},\"sameAs\":[\"https:\/\/senalconfor.com\"],\"url\":\"https:\/\/senalconfor.com\/blog\/author\/mjo\/\"}]}<\/script>\n<!-- \/ Yoast SEO plugin. -->","yoast_head_json":{"title":"La Generalitat invertir\u00e1 120 millones en pacificar la N-II y reconfigurar la C-32 en el Maresme - SE\u00d1ALCONFOR","robots":{"index":"index","follow":"follow","max-snippet":"max-snippet:-1","max-image-preview":"max-image-preview:large","max-video-preview":"max-video-preview:-1"},"canonical":"https:\/\/senalconfor.com\/blog\/la-generalitat-invertira-120-millones-en-pacificar-la-n-ii-y-reconfigurar-la-c-32-en-el-maresme\/","og_locale":"es_ES","og_type":"article","og_title":"La Generalitat invertir\u00e1 120 millones en pacificar la N-II y reconfigurar la C-32 en el Maresme - SE\u00d1ALCONFOR","og_description":"Territori impulsa la redacci\u00f3n de los proyectos para la integraci\u00f3n urbana de la carretera en 40 kil\u00f3metros y configura una v\u00eda ciclista continua La C-32 desde la liberaci\u00f3n de peajes aglutina el 82% del tr\u00e1fico de la comarca y en el Alt Maresme el 50% El Departament de Vicepresid\u00e8ncia i Pol\u00edtiques Digitals i Territori de...","og_url":"https:\/\/senalconfor.com\/blog\/la-generalitat-invertira-120-millones-en-pacificar-la-n-ii-y-reconfigurar-la-c-32-en-el-maresme\/","og_site_name":"SE\u00d1ALCONFOR","article_published_time":"2023-09-05T09:17:39+00:00","article_modified_time":"2023-09-05T09:17:41+00:00","og_image":[{"width":640,"height":480,"url":"https:\/\/senalconfor.com\/blog\/wp-content\/uploads\/2023\/09\/IMG_1393.jpg","type":"image\/jpeg"}],"author":"Mary Jo","twitter_card":"summary_large_image","twitter_misc":{"Escrito por":"Mary Jo","Tiempo de lectura":"5 minutos"},"schema":{"@context":"https:\/\/schema.org","@graph":[{"@type":"Article","@id":"https:\/\/senalconfor.com\/blog\/la-generalitat-invertira-120-millones-en-pacificar-la-n-ii-y-reconfigurar-la-c-32-en-el-maresme\/#article","isPartOf":{"@id":"https:\/\/senalconfor.com\/blog\/la-generalitat-invertira-120-millones-en-pacificar-la-n-ii-y-reconfigurar-la-c-32-en-el-maresme\/"},"author":{"name":"Mary Jo","@id":"https:\/\/senalconfor.com\/blog\/#\/schema\/person\/7ba1a78ea1c6e5e2366be342e1c88a8f"},"headline":"La Generalitat invertir\u00e1 120 millones en pacificar la N-II y reconfigurar la C-32 en el Maresme","datePublished":"2023-09-05T09:17:39+00:00","dateModified":"2023-09-05T09:17:41+00:00","mainEntityOfPage":{"@id":"https:\/\/senalconfor.com\/blog\/la-generalitat-invertira-120-millones-en-pacificar-la-n-ii-y-reconfigurar-la-c-32-en-el-maresme\/"},"wordCount":1112,"image":{"@id":"https:\/\/senalconfor.com\/blog\/la-generalitat-invertira-120-millones-en-pacificar-la-n-ii-y-reconfigurar-la-c-32-en-el-maresme\/#primaryimage"},"thumbnailUrl":"https:\/\/senalconfor.com\/blog\/wp-content\/uploads\/2023\/09\/IMG_1393.jpg","keywords":["balizas","carreteras","conos","seguridadvial","Se\u00f1alConfor","se\u00f1alestrafico","se\u00f1alizacion","trafico"],"articleSection":["Noticias"],"inLanguage":"es"},{"@type":"WebPage","@id":"https:\/\/senalconfor.com\/blog\/la-generalitat-invertira-120-millones-en-pacificar-la-n-ii-y-reconfigurar-la-c-32-en-el-maresme\/","url":"https:\/\/senalconfor.com\/blog\/la-generalitat-invertira-120-millones-en-pacificar-la-n-ii-y-reconfigurar-la-c-32-en-el-maresme\/","name":"La Generalitat invertir\u00e1 120 millones en pacificar la N-II y reconfigurar la C-32 en el Maresme - SE\u00d1ALCONFOR","isPartOf":{"@id":"https:\/\/senalconfor.com\/blog\/#website"},"primaryImageOfPage":{"@id":"https:\/\/senalconfor.com\/blog\/la-generalitat-invertira-120-millones-en-pacificar-la-n-ii-y-reconfigurar-la-c-32-en-el-maresme\/#primaryimage"},"image":{"@id":"https:\/\/senalconfor.com\/blog\/la-generalitat-invertira-120-millones-en-pacificar-la-n-ii-y-reconfigurar-la-c-32-en-el-maresme\/#primaryimage"},"thumbnailUrl":"https:\/\/senalconfor.com\/blog\/wp-content\/uploads\/2023\/09\/IMG_1393.jpg","datePublished":"2023-09-05T09:17:39+00:00","dateModified":"2023-09-05T09:17:41+00:00","author":{"@id":"https:\/\/senalconfor.com\/blog\/#\/schema\/person\/7ba1a78ea1c6e5e2366be342e1c88a8f"},"breadcrumb":{"@id":"https:\/\/senalconfor.com\/blog\/la-generalitat-invertira-120-millones-en-pacificar-la-n-ii-y-reconfigurar-la-c-32-en-el-maresme\/#breadcrumb"},"inLanguage":"es","potentialAction":[{"@type":"ReadAction","target":["https:\/\/senalconfor.com\/blog\/la-generalitat-invertira-120-millones-en-pacificar-la-n-ii-y-reconfigurar-la-c-32-en-el-maresme\/"]}]},{"@type":"ImageObject","inLanguage":"es","@id":"https:\/\/senalconfor.com\/blog\/la-generalitat-invertira-120-millones-en-pacificar-la-n-ii-y-reconfigurar-la-c-32-en-el-maresme\/#primaryimage","url":"https:\/\/senalconfor.com\/blog\/wp-content\/uploads\/2023\/09\/IMG_1393.jpg","contentUrl":"https:\/\/senalconfor.com\/blog\/wp-content\/uploads\/2023\/09\/IMG_1393.jpg","width":640,"height":480},{"@type":"BreadcrumbList","@id":"https:\/\/senalconfor.com\/blog\/la-generalitat-invertira-120-millones-en-pacificar-la-n-ii-y-reconfigurar-la-c-32-en-el-maresme\/#breadcrumb","itemListElement":[{"@type":"ListItem","position":1,"name":"Portada","item":"https:\/\/senalconfor.com\/blog\/"},{"@type":"ListItem","position":2,"name":"La Generalitat invertir\u00e1 120 millones en pacificar la N-II y reconfigurar la C-32 en el Maresme"}]},{"@type":"WebSite","@id":"https:\/\/senalconfor.com\/blog\/#website","url":"https:\/\/senalconfor.com\/blog\/","name":"SE\u00d1ALCONFOR","description":"Balizas cil\u00edndicas, hitos de divergencia, hitos de arista,se\u00f1ales urbanas,espejos, conos de tr\u00e1fico","potentialAction":[{"@type":"SearchAction","target":{"@type":"EntryPoint","urlTemplate":"https:\/\/senalconfor.com\/blog\/?s={search_term_string}"},"query-input":{"@type":"PropertyValueSpecification","valueRequired":true,"valueName":"search_term_string"}}],"inLanguage":"es"},{"@type":"Person","@id":"https:\/\/senalconfor.com\/blog\/#\/schema\/person\/7ba1a78ea1c6e5e2366be342e1c88a8f","name":"Mary Jo","image":{"@type":"ImageObject","inLanguage":"es","@id":"https:\/\/senalconfor.com\/blog\/#\/schema\/person\/image\/","url":"https:\/\/secure.gravatar.com\/avatar\/8afb78c5ea6768d0d2f16c8c6d8e9279?s=96&d=mm&r=g","contentUrl":"https:\/\/secure.gravatar.com\/avatar\/8afb78c5ea6768d0d2f16c8c6d8e9279?s=96&d=mm&r=g","caption":"Mary Jo"},"sameAs":["https:\/\/senalconfor.com"],"url":"https:\/\/senalconfor.com\/blog\/author\/mjo\/"}]}},"_links":{"self":[{"href":"https:\/\/senalconfor.com\/blog\/wp-json\/wp\/v2\/posts\/9647","targetHints":{"allow":["GET"]}}],"collection":[{"href":"https:\/\/senalconfor.com\/blog\/wp-json\/wp\/v2\/posts"}],"about":[{"href":"https:\/\/senalconfor.com\/blog\/wp-json\/wp\/v2\/types\/post"}],"author":[{"embeddable":true,"href":"https:\/\/senalconfor.com\/blog\/wp-json\/wp\/v2\/users\/2"}],"replies":[{"embeddable":true,"href":"https:\/\/senalconfor.com\/blog\/wp-json\/wp\/v2\/comments?post=9647"}],"version-history":[{"count":1,"href":"https:\/\/senalconfor.com\/blog\/wp-json\/wp\/v2\/posts\/9647\/revisions"}],"predecessor-version":[{"id":9649,"href":"https:\/\/senalconfor.com\/blog\/wp-json\/wp\/v2\/posts\/9647\/revisions\/9649"}],"wp:featuredmedia":[{"embeddable":true,"href":"https:\/\/senalconfor.com\/blog\/wp-json\/wp\/v2\/media\/9648"}],"wp:attachment":[{"href":"https:\/\/senalconfor.com\/blog\/wp-json\/wp\/v2\/media?parent=9647"}],"wp:term":[{"taxonomy":"category","embeddable":true,"href":"https:\/\/senalconfor.com\/blog\/wp-json\/wp\/v2\/categories?post=9647"},{"taxonomy":"post_tag","embeddable":true,"href":"https:\/\/senalconfor.com\/blog\/wp-json\/wp\/v2\/tags?post=9647"}],"curies":[{"name":"wp","href":"https:\/\/api.w.org\/{rel}","templated":true}]}}