{"id":9825,"date":"2024-03-21T14:43:51","date_gmt":"2024-03-21T14:43:51","guid":{"rendered":"https:\/\/senalconfor.com\/blog\/?p=9825"},"modified":"2024-03-21T14:43:54","modified_gmt":"2024-03-21T14:43:54","slug":"esta-es-la-comunidad-autonoma-con-mas-radares-de-espana-y-gana-por-goleada","status":"publish","type":"post","link":"https:\/\/senalconfor.com\/blog\/esta-es-la-comunidad-autonoma-con-mas-radares-de-espana-y-gana-por-goleada\/","title":{"rendered":"Esta es la comunidad aut\u00f3noma con m\u00e1s radares de Espa\u00f1a (y gana por goleada)"},"content":{"rendered":"\n<figure class=\"wp-block-image size-full\"><img loading=\"lazy\" decoding=\"async\" width=\"600\" height=\"433\" src=\"data:image\/svg+xml,%3Csvg xmlns=%22http:\/\/www.w3.org\/2000\/svg%22 viewBox=%220 0 600 433%22%3E%3C\/svg%3E\" data-lazy-type=\"image\" data-src=\"https:\/\/senalconfor.com\/blog\/wp-content\/uploads\/2024\/03\/radares-fijos-espana.jpg\" alt=\"\" class=\"lazy lazy-hidden wp-image-9826\" srcset=\"\" data-srcset=\"https:\/\/senalconfor.com\/blog\/wp-content\/uploads\/2024\/03\/radares-fijos-espana.jpg 600w, https:\/\/senalconfor.com\/blog\/wp-content\/uploads\/2024\/03\/radares-fijos-espana-300x217.jpg 300w\" sizes=\"auto, (max-width: 600px) 100vw, 600px\" \/><\/figure>\n\n\n\n<p>En Espa\u00f1a hay casi 3.000 radares fijos, la mayor\u00eda para controlar velocidad<\/p>\n\n\n\n<p><a href=\"https:\/\/www.lavanguardia.com\/motor\/20240313\/9556194\/son-paises-europeos-mayor-numero-radares-pmv.html\">Estos son los pa\u00edses europeos con mayor n\u00famero de radares<\/a><\/p>\n\n\n\n<p>El n\u00famero de&nbsp;<a href=\"https:\/\/www.lavanguardia.com\/motor\/actualidad\/20230427\/8913694\/margen-error-aplican-radares-dgt-multa-exceso-velocidad-tsc.html\">radares&nbsp;<\/a>en las carreteras espa\u00f1olas aument\u00f3 un 4% el \u00faltimo a\u00f1o y ya se acerca a los 3.000. En 2023, por segundo a\u00f1o consecutivo, las autoridades de tr\u00e1fico incrementaron las medidas de control de la seguridad vial, seg\u00fan datos del Observatorio de radares de Espa\u00f1a presentado por Coyote, que destaca que Catalunya sigue siendo la comunidad aut\u00f3noma con m\u00e1s cinem\u00f3metros de tr\u00e1fico.<\/p>\n\n\n\n<p>El informe elaborado por el proveedor l\u00edder de sistemas de asistencia a la conducci\u00f3n y avisos de radares revela que hay 2.941 radares a lo largo de la red vial espa\u00f1ola. La mayor\u00eda son de velocidad, de los cuales 2.095 son fijos, 433 de&nbsp;<a href=\"https:\/\/www.lavanguardia.com\/motor\/20210310\/6113147\/multa-saltar-semaforo-foto-rojo-ilegal-radar-camara.html\">sem\u00e1foro&nbsp;<\/a>y 168 de&nbsp;<a href=\"https:\/\/www.lavanguardia.com\/motor\/actualidad\/20221123\/8616806\/radares-tramo-mas-largos-espana.html\">tramo<\/a>. A estos aparatos hay que sumar otras 245 c\u00e1maras que controlan el uso de cintur\u00f3n y los dispositivos m\u00f3viles.<\/p>\n\n\n\n<p>El estudio no tiene en cuenta los radares m\u00f3viles de la Direcci\u00f3n General de Tr\u00e1fico (DGT), el Servei Catal\u00e0 de Tr\u00e0nsit (SCT) y Trafikoa en el Pa\u00eds Vasco. Solo la DGT dispone de 545 unidades, que utiliza en diferentes tramos kilom\u00e9tricos que da a conocer en su p\u00e1gina web.<\/p>\n\n\n\n<h2 class=\"wp-block-heading\">Las comunidades con m\u00e1s radares<\/h2>\n\n\n\n<p>La distribuci\u00f3n geogr\u00e1fica de los radares coloca a Catalunya en cabeza de las comunidades con m\u00e1s aparatos de control en sus carreteras. Coyote contabiliza 742&nbsp;<a href=\"https:\/\/www.lavanguardia.com\/motor\/actualidad\/20220830\/8485276\/radares-fijos-moviles-mas-multan-catalunya-lider-espana.html\">radares en las v\u00edas catalanas<\/a>, el doble que en Andaluc\u00eda, que con 372 radares, es la segunda regi\u00f3n con m\u00e1s dispositivos colocados en sus carreteras. El tercer puesto del podio es para Castilla y Le\u00f3n, con 333 radares. Dicho de otra manera, en Catalunya hay m\u00e1s radares que los que suman juntas las dos comunidades que le siguen en el ranking.<\/p>\n\n\n\n<h3 class=\"wp-block-heading\">En 2023 se registr\u00f3 un aumento del 4% de radares en las carreteras espa\u00f1olas<\/h3>\n\n\n\n<p>Las cinco primeras posiciones del ranking se mantienen inalterables respecto al a\u00f1o anterior. Detr\u00e1s de Catalunya, Andaluc\u00eda y Castilla y Le\u00f3n, que totalizan un tercio de los radares de toda Espa\u00f1a, se sit\u00faan Pa\u00eds Vasco y Madrid, con 233 y 232 radares respectivamente. Galicia, sexta con 182, adelanta a la Comunidad Valenciana (179) luego que en 2023 se sumaran 10 nuevos dispositivos en las v\u00edas de la regi\u00f3n.<\/p>\n\n\n\n<p>Castilla La Mancha (135) y Arag\u00f3n (107) cierran la lista de comunidades aut\u00f3nomas con m\u00e1s de 100 radares. A continuaci\u00f3n, se encuentran las comunidades de Asturias (87), Islas Baleares (76), Extremadura (66), Navarra (58) y Canarias (51).<\/p>\n\n\n\n<h2 class=\"wp-block-heading\">Las provincias con m\u00e1s radares<\/h2>\n\n\n\n<p>El tercer informe sobre radares presentado por Coyote vuelve a colocar a Barcelona como la provincia con mayor presencia de estos dispositivos en la carretera. En las 12 comarcas que forman parte de la provincia m\u00e1s poblada de Catalunya se encuentran 473 radares, un 16% del total nacional. Le siguen Madrid, con 232, casi la mitad que Barcelona, y Girona, con 128.<\/p>\n\n\n\n<h3 class=\"wp-block-heading\">Tres de cada cuatro dispositivos se ubican en carreteras convencionales y ciudades y el resto en autov\u00edas y autopistas<\/h3>\n\n\n\n<h2 class=\"wp-block-heading\">Distribuci\u00f3n de los radares por tipos de v\u00eda<\/h2>\n\n\n\n<p>Las<a href=\"https:\/\/www.lavanguardia.com\/motor\/dgt\/20230208\/8710847\/5-medidas-mas-efectivas-dgt-reducir-accidentes-carretera-convencional-pvlv.html\">&nbsp;carreteras convencionales&nbsp;<\/a>y las ciudades concentran el mayor n\u00famero de radares, dado que son tambi\u00e9n los escenarios donde se concentran el mayor n\u00famero de siniestros viales. Cabe destacar que, seg\u00fan datos de la DGT, 3 de cada 4 fallecidos por accidentes de tr\u00e1fico se producen en carreteras convencionales. De los 2.941 radares que Coyote contabiliza en Espa\u00f1a, el 36,62% se localizan en carreteras secundarias, el 37,60% en ciudades y el 25,77% en autov\u00edas y autopistas.<\/p>\n\n\n\n<p>Los autores del estudio destacan la voluntad tanto de la DGT como del Servei Catal\u00e0 de Tr\u00e0nsit y de Trafikoa por fomentar la inversi\u00f3n en estas zonas potencialmente m\u00e1s peligrosas y mejorar la seguridad vial en estas carreteras. Estos tres organismos suman 1.571 radares fijos mientras que los 1.370 restantes son competencia de los ayuntamientos.<\/p>\n\n\n\n<h2 class=\"wp-block-heading\">Los radares en Espa\u00f1a en comparaci\u00f3n con Europa<\/h2>\n\n\n\n<p>La densidad de radares en Espa\u00f1a es de 3,35\/10.000 km, muy similar a la de Francia (3,74) y el triple que la de Portugal (0,92). Estos datos confirman que Espa\u00f1a es uno de loa pa\u00edses con mayor densidad de radares en el sur de Europa en relaci\u00f3n con la red de carreteras al mismo nivel pr\u00e1cticamente que la vecina Francia.<\/p>\n\n\n\n<p>De media, un usuario espa\u00f1ol de Coyote se encuentra en carretera con 53 radares fijos al mes; un franc\u00e9s, 48; un italiano, 105; y un belga, 130.<\/p>\n\n\n\n<h2 class=\"wp-block-heading\">C\u00f3mo localizar los radares fijos<\/h2>\n\n\n\n<p>Para conocer la ubicaci\u00f3n de los radares fijos que hay en Espa\u00f1a basta consultar las webs de los organismos con competencia en tr\u00e1fico. La DGT, el SCT y Trafikoa publican el listado de las v\u00edas donde se ubican los radares fijos con el punto kilom\u00e9trico exacto donde est\u00e1n ubicados. Por lo que respecta a los dispositivos en las ciudades, los ayuntamientos respectivos tambi\u00e9n tienen que dar a conocer por ley el lugar exacto donde est\u00e1n colocadas las c\u00e1maras.<\/p>\n\n\n\n<p>Asimismo, los navegadores GPS y aplicaciones m\u00f3viles como Coyote, Google o Waze proporcionan informaci\u00f3n actualizada sobre la ubicaci\u00f3n de los radares fijos. Los\u00a0<a href=\"https:\/\/www.lavanguardia.com\/motor\/actualidad\/20201005\/33295\/avisador-detector-inhibidor-radar-dispositivo-legal-ilegal-multa.html\">avisadores de radares<\/a>\u00a0est\u00e1n permitidos, no as\u00ed los inhibidores que est\u00e1n prohibidos por ley. De acuerdo con la normativa actual, llevar un<a href=\"https:\/\/www.lavanguardia.com\/motor\/actualidad\/20210115\/6170970\/nueva-multa-dgt-detector-inhibidor-radar-coche-2021.html\">\u00a0inhibidor de radar<\/a>\u00a0en el veh\u00edculo, aunque no se use, se sanciona con una multa de 6.000 euros y la retirada de 6 puntos del carnet.<\/p>\n\n\n\n<p>En Se\u00f1alConfor vendemos se\u00f1ales de tr\u00e1fico que aumentan la seguridad vial. Compartimos noticias interesantes para nuestro sector. Esta noticia aparecida en La Vanguardia, nos ha parecido muy adecuada para compartir antes de las vacaciones de semana santa.<\/p>\n","protected":false},"excerpt":{"rendered":"<p>En Espa\u00f1a hay casi 3.000 radares fijos, la mayor\u00eda para controlar velocidad Estos son los pa\u00edses europeos con mayor n\u00famero de radares El n\u00famero de&nbsp;radares&nbsp;en las carreteras espa\u00f1olas aument\u00f3 un 4% el \u00faltimo a\u00f1o y ya se acerca a los 3.000. En 2023, por segundo a\u00f1o consecutivo, las autoridades de tr\u00e1fico incrementaron las medidas de&#8230;<\/p>\n","protected":false},"author":2,"featured_media":9826,"comment_status":"closed","ping_status":"closed","sticky":false,"template":"","format":"standard","meta":{"footnotes":""},"categories":[21],"tags":[24,303,67,85,45,178,23,49],"class_list":["post-9825","post","type-post","status-publish","format-standard","has-post-thumbnail","hentry","category-noticias","tag-carreteras","tag-radar","tag-radares","tag-seguridadvial","tag-senalconfor-2","tag-senalestrafico","tag-senalizaciones","tag-trafico"],"yoast_head":"<!-- This site is optimized with the Yoast SEO plugin v26.8 - https:\/\/yoast.com\/product\/yoast-seo-wordpress\/ -->\n<title>Esta es la comunidad aut\u00f3noma con m\u00e1s radares de Espa\u00f1a (y gana por goleada) - SE\u00d1ALCONFOR<\/title>\n<meta name=\"robots\" content=\"index, follow, max-snippet:-1, max-image-preview:large, max-video-preview:-1\" \/>\n<link rel=\"canonical\" href=\"https:\/\/senalconfor.com\/blog\/esta-es-la-comunidad-autonoma-con-mas-radares-de-espana-y-gana-por-goleada\/\" \/>\n<meta property=\"og:locale\" content=\"es_ES\" \/>\n<meta property=\"og:type\" content=\"article\" \/>\n<meta property=\"og:title\" content=\"Esta es la comunidad aut\u00f3noma con m\u00e1s radares de Espa\u00f1a (y gana por goleada) - SE\u00d1ALCONFOR\" \/>\n<meta property=\"og:description\" content=\"En Espa\u00f1a hay casi 3.000 radares fijos, la mayor\u00eda para controlar velocidad Estos son los pa\u00edses europeos con mayor n\u00famero de radares El n\u00famero de&nbsp;radares&nbsp;en las carreteras espa\u00f1olas aument\u00f3 un 4% el \u00faltimo a\u00f1o y ya se acerca a los 3.000. En 2023, por segundo a\u00f1o consecutivo, las autoridades de tr\u00e1fico incrementaron las medidas de...\" \/>\n<meta property=\"og:url\" content=\"https:\/\/senalconfor.com\/blog\/esta-es-la-comunidad-autonoma-con-mas-radares-de-espana-y-gana-por-goleada\/\" \/>\n<meta property=\"og:site_name\" content=\"SE\u00d1ALCONFOR\" \/>\n<meta property=\"article:published_time\" content=\"2024-03-21T14:43:51+00:00\" \/>\n<meta property=\"article:modified_time\" content=\"2024-03-21T14:43:54+00:00\" \/>\n<meta property=\"og:image\" content=\"https:\/\/senalconfor.com\/blog\/wp-content\/uploads\/2024\/03\/radares-fijos-espana.jpg\" \/>\n\t<meta property=\"og:image:width\" content=\"600\" \/>\n\t<meta property=\"og:image:height\" content=\"433\" \/>\n\t<meta property=\"og:image:type\" content=\"image\/jpeg\" \/>\n<meta name=\"author\" content=\"Mary Jo\" \/>\n<meta name=\"twitter:card\" content=\"summary_large_image\" \/>\n<meta name=\"twitter:label1\" content=\"Escrito por\" \/>\n\t<meta name=\"twitter:data1\" content=\"Mary Jo\" \/>\n\t<meta name=\"twitter:label2\" content=\"Tiempo de lectura\" \/>\n\t<meta name=\"twitter:data2\" content=\"5 minutos\" \/>\n<script type=\"application\/ld+json\" class=\"yoast-schema-graph\">{\"@context\":\"https:\/\/schema.org\",\"@graph\":[{\"@type\":\"Article\",\"@id\":\"https:\/\/senalconfor.com\/blog\/esta-es-la-comunidad-autonoma-con-mas-radares-de-espana-y-gana-por-goleada\/#article\",\"isPartOf\":{\"@id\":\"https:\/\/senalconfor.com\/blog\/esta-es-la-comunidad-autonoma-con-mas-radares-de-espana-y-gana-por-goleada\/\"},\"author\":{\"name\":\"Mary Jo\",\"@id\":\"https:\/\/senalconfor.com\/blog\/#\/schema\/person\/7ba1a78ea1c6e5e2366be342e1c88a8f\"},\"headline\":\"Esta es la comunidad aut\u00f3noma con m\u00e1s radares de Espa\u00f1a (y gana por goleada)\",\"datePublished\":\"2024-03-21T14:43:51+00:00\",\"dateModified\":\"2024-03-21T14:43:54+00:00\",\"mainEntityOfPage\":{\"@id\":\"https:\/\/senalconfor.com\/blog\/esta-es-la-comunidad-autonoma-con-mas-radares-de-espana-y-gana-por-goleada\/\"},\"wordCount\":996,\"image\":{\"@id\":\"https:\/\/senalconfor.com\/blog\/esta-es-la-comunidad-autonoma-con-mas-radares-de-espana-y-gana-por-goleada\/#primaryimage\"},\"thumbnailUrl\":\"https:\/\/senalconfor.com\/blog\/wp-content\/uploads\/2024\/03\/radares-fijos-espana.jpg\",\"keywords\":[\"carreteras\",\"radar\",\"radares\",\"seguridadvial\",\"Se\u00f1alConfor\",\"se\u00f1alestrafico\",\"se\u00f1alizaciones\",\"trafico\"],\"articleSection\":[\"Noticias\"],\"inLanguage\":\"es\"},{\"@type\":\"WebPage\",\"@id\":\"https:\/\/senalconfor.com\/blog\/esta-es-la-comunidad-autonoma-con-mas-radares-de-espana-y-gana-por-goleada\/\",\"url\":\"https:\/\/senalconfor.com\/blog\/esta-es-la-comunidad-autonoma-con-mas-radares-de-espana-y-gana-por-goleada\/\",\"name\":\"Esta es la comunidad aut\u00f3noma con m\u00e1s radares de Espa\u00f1a (y gana por goleada) - SE\u00d1ALCONFOR\",\"isPartOf\":{\"@id\":\"https:\/\/senalconfor.com\/blog\/#website\"},\"primaryImageOfPage\":{\"@id\":\"https:\/\/senalconfor.com\/blog\/esta-es-la-comunidad-autonoma-con-mas-radares-de-espana-y-gana-por-goleada\/#primaryimage\"},\"image\":{\"@id\":\"https:\/\/senalconfor.com\/blog\/esta-es-la-comunidad-autonoma-con-mas-radares-de-espana-y-gana-por-goleada\/#primaryimage\"},\"thumbnailUrl\":\"https:\/\/senalconfor.com\/blog\/wp-content\/uploads\/2024\/03\/radares-fijos-espana.jpg\",\"datePublished\":\"2024-03-21T14:43:51+00:00\",\"dateModified\":\"2024-03-21T14:43:54+00:00\",\"author\":{\"@id\":\"https:\/\/senalconfor.com\/blog\/#\/schema\/person\/7ba1a78ea1c6e5e2366be342e1c88a8f\"},\"breadcrumb\":{\"@id\":\"https:\/\/senalconfor.com\/blog\/esta-es-la-comunidad-autonoma-con-mas-radares-de-espana-y-gana-por-goleada\/#breadcrumb\"},\"inLanguage\":\"es\",\"potentialAction\":[{\"@type\":\"ReadAction\",\"target\":[\"https:\/\/senalconfor.com\/blog\/esta-es-la-comunidad-autonoma-con-mas-radares-de-espana-y-gana-por-goleada\/\"]}]},{\"@type\":\"ImageObject\",\"inLanguage\":\"es\",\"@id\":\"https:\/\/senalconfor.com\/blog\/esta-es-la-comunidad-autonoma-con-mas-radares-de-espana-y-gana-por-goleada\/#primaryimage\",\"url\":\"https:\/\/senalconfor.com\/blog\/wp-content\/uploads\/2024\/03\/radares-fijos-espana.jpg\",\"contentUrl\":\"https:\/\/senalconfor.com\/blog\/wp-content\/uploads\/2024\/03\/radares-fijos-espana.jpg\",\"width\":600,\"height\":433},{\"@type\":\"BreadcrumbList\",\"@id\":\"https:\/\/senalconfor.com\/blog\/esta-es-la-comunidad-autonoma-con-mas-radares-de-espana-y-gana-por-goleada\/#breadcrumb\",\"itemListElement\":[{\"@type\":\"ListItem\",\"position\":1,\"name\":\"Portada\",\"item\":\"https:\/\/senalconfor.com\/blog\/\"},{\"@type\":\"ListItem\",\"position\":2,\"name\":\"Esta es la comunidad aut\u00f3noma con m\u00e1s radares de Espa\u00f1a (y gana por goleada)\"}]},{\"@type\":\"WebSite\",\"@id\":\"https:\/\/senalconfor.com\/blog\/#website\",\"url\":\"https:\/\/senalconfor.com\/blog\/\",\"name\":\"SE\u00d1ALCONFOR\",\"description\":\"Balizas cil\u00edndicas, hitos de divergencia, hitos de arista,se\u00f1ales urbanas,espejos, conos de tr\u00e1fico\",\"potentialAction\":[{\"@type\":\"SearchAction\",\"target\":{\"@type\":\"EntryPoint\",\"urlTemplate\":\"https:\/\/senalconfor.com\/blog\/?s={search_term_string}\"},\"query-input\":{\"@type\":\"PropertyValueSpecification\",\"valueRequired\":true,\"valueName\":\"search_term_string\"}}],\"inLanguage\":\"es\"},{\"@type\":\"Person\",\"@id\":\"https:\/\/senalconfor.com\/blog\/#\/schema\/person\/7ba1a78ea1c6e5e2366be342e1c88a8f\",\"name\":\"Mary Jo\",\"image\":{\"@type\":\"ImageObject\",\"inLanguage\":\"es\",\"@id\":\"https:\/\/senalconfor.com\/blog\/#\/schema\/person\/image\/\",\"url\":\"https:\/\/secure.gravatar.com\/avatar\/8afb78c5ea6768d0d2f16c8c6d8e9279?s=96&d=mm&r=g\",\"contentUrl\":\"https:\/\/secure.gravatar.com\/avatar\/8afb78c5ea6768d0d2f16c8c6d8e9279?s=96&d=mm&r=g\",\"caption\":\"Mary Jo\"},\"sameAs\":[\"https:\/\/senalconfor.com\"],\"url\":\"https:\/\/senalconfor.com\/blog\/author\/mjo\/\"}]}<\/script>\n<!-- \/ Yoast SEO plugin. -->","yoast_head_json":{"title":"Esta es la comunidad aut\u00f3noma con m\u00e1s radares de Espa\u00f1a (y gana por goleada) - SE\u00d1ALCONFOR","robots":{"index":"index","follow":"follow","max-snippet":"max-snippet:-1","max-image-preview":"max-image-preview:large","max-video-preview":"max-video-preview:-1"},"canonical":"https:\/\/senalconfor.com\/blog\/esta-es-la-comunidad-autonoma-con-mas-radares-de-espana-y-gana-por-goleada\/","og_locale":"es_ES","og_type":"article","og_title":"Esta es la comunidad aut\u00f3noma con m\u00e1s radares de Espa\u00f1a (y gana por goleada) - SE\u00d1ALCONFOR","og_description":"En Espa\u00f1a hay casi 3.000 radares fijos, la mayor\u00eda para controlar velocidad Estos son los pa\u00edses europeos con mayor n\u00famero de radares El n\u00famero de&nbsp;radares&nbsp;en las carreteras espa\u00f1olas aument\u00f3 un 4% el \u00faltimo a\u00f1o y ya se acerca a los 3.000. En 2023, por segundo a\u00f1o consecutivo, las autoridades de tr\u00e1fico incrementaron las medidas de...","og_url":"https:\/\/senalconfor.com\/blog\/esta-es-la-comunidad-autonoma-con-mas-radares-de-espana-y-gana-por-goleada\/","og_site_name":"SE\u00d1ALCONFOR","article_published_time":"2024-03-21T14:43:51+00:00","article_modified_time":"2024-03-21T14:43:54+00:00","og_image":[{"width":600,"height":433,"url":"https:\/\/senalconfor.com\/blog\/wp-content\/uploads\/2024\/03\/radares-fijos-espana.jpg","type":"image\/jpeg"}],"author":"Mary Jo","twitter_card":"summary_large_image","twitter_misc":{"Escrito por":"Mary Jo","Tiempo de lectura":"5 minutos"},"schema":{"@context":"https:\/\/schema.org","@graph":[{"@type":"Article","@id":"https:\/\/senalconfor.com\/blog\/esta-es-la-comunidad-autonoma-con-mas-radares-de-espana-y-gana-por-goleada\/#article","isPartOf":{"@id":"https:\/\/senalconfor.com\/blog\/esta-es-la-comunidad-autonoma-con-mas-radares-de-espana-y-gana-por-goleada\/"},"author":{"name":"Mary Jo","@id":"https:\/\/senalconfor.com\/blog\/#\/schema\/person\/7ba1a78ea1c6e5e2366be342e1c88a8f"},"headline":"Esta es la comunidad aut\u00f3noma con m\u00e1s radares de Espa\u00f1a (y gana por goleada)","datePublished":"2024-03-21T14:43:51+00:00","dateModified":"2024-03-21T14:43:54+00:00","mainEntityOfPage":{"@id":"https:\/\/senalconfor.com\/blog\/esta-es-la-comunidad-autonoma-con-mas-radares-de-espana-y-gana-por-goleada\/"},"wordCount":996,"image":{"@id":"https:\/\/senalconfor.com\/blog\/esta-es-la-comunidad-autonoma-con-mas-radares-de-espana-y-gana-por-goleada\/#primaryimage"},"thumbnailUrl":"https:\/\/senalconfor.com\/blog\/wp-content\/uploads\/2024\/03\/radares-fijos-espana.jpg","keywords":["carreteras","radar","radares","seguridadvial","Se\u00f1alConfor","se\u00f1alestrafico","se\u00f1alizaciones","trafico"],"articleSection":["Noticias"],"inLanguage":"es"},{"@type":"WebPage","@id":"https:\/\/senalconfor.com\/blog\/esta-es-la-comunidad-autonoma-con-mas-radares-de-espana-y-gana-por-goleada\/","url":"https:\/\/senalconfor.com\/blog\/esta-es-la-comunidad-autonoma-con-mas-radares-de-espana-y-gana-por-goleada\/","name":"Esta es la comunidad aut\u00f3noma con m\u00e1s radares de Espa\u00f1a (y gana por goleada) - SE\u00d1ALCONFOR","isPartOf":{"@id":"https:\/\/senalconfor.com\/blog\/#website"},"primaryImageOfPage":{"@id":"https:\/\/senalconfor.com\/blog\/esta-es-la-comunidad-autonoma-con-mas-radares-de-espana-y-gana-por-goleada\/#primaryimage"},"image":{"@id":"https:\/\/senalconfor.com\/blog\/esta-es-la-comunidad-autonoma-con-mas-radares-de-espana-y-gana-por-goleada\/#primaryimage"},"thumbnailUrl":"https:\/\/senalconfor.com\/blog\/wp-content\/uploads\/2024\/03\/radares-fijos-espana.jpg","datePublished":"2024-03-21T14:43:51+00:00","dateModified":"2024-03-21T14:43:54+00:00","author":{"@id":"https:\/\/senalconfor.com\/blog\/#\/schema\/person\/7ba1a78ea1c6e5e2366be342e1c88a8f"},"breadcrumb":{"@id":"https:\/\/senalconfor.com\/blog\/esta-es-la-comunidad-autonoma-con-mas-radares-de-espana-y-gana-por-goleada\/#breadcrumb"},"inLanguage":"es","potentialAction":[{"@type":"ReadAction","target":["https:\/\/senalconfor.com\/blog\/esta-es-la-comunidad-autonoma-con-mas-radares-de-espana-y-gana-por-goleada\/"]}]},{"@type":"ImageObject","inLanguage":"es","@id":"https:\/\/senalconfor.com\/blog\/esta-es-la-comunidad-autonoma-con-mas-radares-de-espana-y-gana-por-goleada\/#primaryimage","url":"https:\/\/senalconfor.com\/blog\/wp-content\/uploads\/2024\/03\/radares-fijos-espana.jpg","contentUrl":"https:\/\/senalconfor.com\/blog\/wp-content\/uploads\/2024\/03\/radares-fijos-espana.jpg","width":600,"height":433},{"@type":"BreadcrumbList","@id":"https:\/\/senalconfor.com\/blog\/esta-es-la-comunidad-autonoma-con-mas-radares-de-espana-y-gana-por-goleada\/#breadcrumb","itemListElement":[{"@type":"ListItem","position":1,"name":"Portada","item":"https:\/\/senalconfor.com\/blog\/"},{"@type":"ListItem","position":2,"name":"Esta es la comunidad aut\u00f3noma con m\u00e1s radares de Espa\u00f1a (y gana por goleada)"}]},{"@type":"WebSite","@id":"https:\/\/senalconfor.com\/blog\/#website","url":"https:\/\/senalconfor.com\/blog\/","name":"SE\u00d1ALCONFOR","description":"Balizas cil\u00edndicas, hitos de divergencia, hitos de arista,se\u00f1ales urbanas,espejos, conos de tr\u00e1fico","potentialAction":[{"@type":"SearchAction","target":{"@type":"EntryPoint","urlTemplate":"https:\/\/senalconfor.com\/blog\/?s={search_term_string}"},"query-input":{"@type":"PropertyValueSpecification","valueRequired":true,"valueName":"search_term_string"}}],"inLanguage":"es"},{"@type":"Person","@id":"https:\/\/senalconfor.com\/blog\/#\/schema\/person\/7ba1a78ea1c6e5e2366be342e1c88a8f","name":"Mary Jo","image":{"@type":"ImageObject","inLanguage":"es","@id":"https:\/\/senalconfor.com\/blog\/#\/schema\/person\/image\/","url":"https:\/\/secure.gravatar.com\/avatar\/8afb78c5ea6768d0d2f16c8c6d8e9279?s=96&d=mm&r=g","contentUrl":"https:\/\/secure.gravatar.com\/avatar\/8afb78c5ea6768d0d2f16c8c6d8e9279?s=96&d=mm&r=g","caption":"Mary Jo"},"sameAs":["https:\/\/senalconfor.com"],"url":"https:\/\/senalconfor.com\/blog\/author\/mjo\/"}]}},"_links":{"self":[{"href":"https:\/\/senalconfor.com\/blog\/wp-json\/wp\/v2\/posts\/9825","targetHints":{"allow":["GET"]}}],"collection":[{"href":"https:\/\/senalconfor.com\/blog\/wp-json\/wp\/v2\/posts"}],"about":[{"href":"https:\/\/senalconfor.com\/blog\/wp-json\/wp\/v2\/types\/post"}],"author":[{"embeddable":true,"href":"https:\/\/senalconfor.com\/blog\/wp-json\/wp\/v2\/users\/2"}],"replies":[{"embeddable":true,"href":"https:\/\/senalconfor.com\/blog\/wp-json\/wp\/v2\/comments?post=9825"}],"version-history":[{"count":1,"href":"https:\/\/senalconfor.com\/blog\/wp-json\/wp\/v2\/posts\/9825\/revisions"}],"predecessor-version":[{"id":9827,"href":"https:\/\/senalconfor.com\/blog\/wp-json\/wp\/v2\/posts\/9825\/revisions\/9827"}],"wp:featuredmedia":[{"embeddable":true,"href":"https:\/\/senalconfor.com\/blog\/wp-json\/wp\/v2\/media\/9826"}],"wp:attachment":[{"href":"https:\/\/senalconfor.com\/blog\/wp-json\/wp\/v2\/media?parent=9825"}],"wp:term":[{"taxonomy":"category","embeddable":true,"href":"https:\/\/senalconfor.com\/blog\/wp-json\/wp\/v2\/categories?post=9825"},{"taxonomy":"post_tag","embeddable":true,"href":"https:\/\/senalconfor.com\/blog\/wp-json\/wp\/v2\/tags?post=9825"}],"curies":[{"name":"wp","href":"https:\/\/api.w.org\/{rel}","templated":true}]}}