{"id":9979,"date":"2024-11-19T09:59:09","date_gmt":"2024-11-19T09:59:09","guid":{"rendered":"https:\/\/senalconfor.com\/blog\/?p=9979"},"modified":"2024-11-19T10:00:35","modified_gmt":"2024-11-19T10:00:35","slug":"la-nueva-senal-con-forma-de-diamante-que-esta-apareciendo-en-las-carreteras","status":"publish","type":"post","link":"https:\/\/senalconfor.com\/blog\/la-nueva-senal-con-forma-de-diamante-que-esta-apareciendo-en-las-carreteras\/","title":{"rendered":"La nueva se\u00f1al con forma de diamante que est\u00e1 apareciendo en las carreteras"},"content":{"rendered":"\n<figure class=\"wp-block-image size-full is-resized\"><img loading=\"lazy\" decoding=\"async\" width=\"590\" height=\"351\" src=\"data:image\/svg+xml,%3Csvg xmlns=%22http:\/\/www.w3.org\/2000\/svg%22 viewBox=%220 0 590 351%22%3E%3C\/svg%3E\" data-lazy-type=\"image\" data-src=\"https:\/\/senalconfor.com\/blog\/wp-content\/uploads\/2024\/11\/DIAMANTE.jpg\" alt=\"\" class=\"lazy lazy-hidden wp-image-9980\" style=\"width:1024px;height:auto\" srcset=\"\" data-srcset=\"https:\/\/senalconfor.com\/blog\/wp-content\/uploads\/2024\/11\/DIAMANTE.jpg 590w, https:\/\/senalconfor.com\/blog\/wp-content\/uploads\/2024\/11\/DIAMANTE-300x178.jpg 300w\" sizes=\"auto, (max-width: 590px) 100vw, 590px\" \/><\/figure>\n\n\n\n<p>Par\u00eds y Nimes son algunas de las ciudades que ya cuentan con este nuevo tipo de se\u00f1al en sus calzadas. En Espa\u00f1a, tal y como sucedi\u00f3 con el carn\u00e9 por puntos, se est\u00e1 estudiando la idea para incorporarla al cat\u00e1logo de se\u00f1ales.&nbsp;<\/p>\n\n\n\n<p>La&nbsp;<strong>Uni\u00f3n Europea<\/strong>, desde hace ya unos cuantos a\u00f1os, est\u00e1 intentando unificar la normativa de seguridad vial en todos sus pa\u00edses miembros: desde las&nbsp;<a href=\"https:\/\/www.20minutos.es\/motor\/movilidad\/que-es-reglamento-general-circulacion-por-que-es-importante-5242824\/\">normas de tr\u00e1fico<\/a>&nbsp;hasta las sanciones por infringir la Ley o las distintas se\u00f1ales que se pueden observar por las carreteras del viejo continente, entre otras. En Espa\u00f1a, algunas de estas modificaciones&nbsp;<strong>ya son una realidad.&nbsp;<\/strong><\/p>\n\n\n\n<p>Por otro lado, la instituci\u00f3n europea, si todo transcurre seg\u00fan lo previsto, est\u00e1&nbsp;<strong>ultimando la llegada&nbsp;<\/strong>de un&nbsp;<a href=\"https:\/\/www.20minutos.es\/motor\/movilidad\/dgt-permiso-de-conducir-propuesta-comision-europea-15-5223244\/\">permiso de circulaci\u00f3n digital&nbsp;<\/a>v\u00e1lido para todos los pa\u00edses pertenecientes a la UE, y que realizar\u00e1 sus primeros pasos en el pr\u00f3ximo a\u00f1o 2025.&nbsp;<\/p>\n\n\n\n<h2 class=\"wp-block-heading\">\u00bfQu\u00e9 otras medidas quiere implantar la UE?<\/h2>\n\n\n\n<p>Tal y como hemos indicado l\u00edneas atr\u00e1s, la&nbsp;<strong>unificaci\u00f3n de algunas de las se\u00f1ales<\/strong>&nbsp;m\u00e1s comunes es otra de las medidas que quiere implantar la<a href=\"https:\/\/www.20minutos.es\/motor\/actualidad\/dos-medidas-plantea-union-europea-conductores-novatos-5631170\/\">&nbsp;Uni\u00f3n Europea&nbsp;<\/a>de cara a los pr\u00f3ximos a\u00f1os, como puede ser el caso de aquellas relacionadas con la electrificaci\u00f3n o a los nuevos m\u00e9todos&nbsp;de movilidad.&nbsp;<\/p>\n\n\n\n<p>Francia es uno de los grandes pa\u00edses europeos que han logrado cierta ventaja con respecto a otros. Es m\u00e1s,&nbsp;<strong>Espa\u00f1a calc\u00f3 su modelo<\/strong>&nbsp;para la creaci\u00f3n de nuevas medidas, como por ejemplo el carn\u00e9 de conducir por puntos o las diferentes modificaciones que se van a producir en los pr\u00f3ximos meses en el&nbsp;<a href=\"https:\/\/www.20minutos.es\/motor\/motos\/que-carnet-se-necesita-para-pilotar-una-moto-con-sidecar-espana-5246014\/\">carn\u00e9 de motocicletas.&nbsp;<\/a><\/p>\n\n\n\n<h2 class=\"wp-block-heading\">\u00bfCu\u00e1l es la nueva se\u00f1al?&nbsp;<\/h2>\n\n\n\n<p>El pa\u00eds galo tambi\u00e9n cuenta con una se\u00f1al\u00a0<strong>en forma de diamante\u00a0<\/strong>(pintada en posici\u00f3n vertical)\u00a0y que lleva funcionando aproximadamente un a\u00f1o. Eso s\u00ed, desde el 2020 se encuentra en proceso de prueba. Sin embargo, la\u00a0<a href=\"https:\/\/www.20minutos.es\/motor\/movilidad\/nuevos-puntos-carnet-conducir-dgt-cursos-requisito-5646894\/\">Direcci\u00f3n General de Tr\u00e1fico<\/a>\u00a0ha puesto el foco en esta insignia y, salvo sorpresa, podr\u00eda llegar a las calzadas del territorio ib\u00e9rico m\u00e1s pronto que tarde.\u00a0<\/p>\n\n\n\n<p>En Se\u00f1alConfor nos gusta compartir noticias referentes a la seguridad vial. Se\u00f1alConfor es una empresa de venta de se\u00f1ales de trafico que mejoran la seguridad vial en carreteras, autopistas y ciudades. Balizas y se\u00f1ales de trafico  forman parte de nuestro cat\u00e1logo<\/p>\n","protected":false},"excerpt":{"rendered":"<p>Par\u00eds y Nimes son algunas de las ciudades que ya cuentan con este nuevo tipo de se\u00f1al en sus calzadas. En Espa\u00f1a, tal y como sucedi\u00f3 con el carn\u00e9 por puntos, se est\u00e1 estudiando la idea para incorporarla al cat\u00e1logo de se\u00f1ales.&nbsp; La&nbsp;Uni\u00f3n Europea, desde hace ya unos cuantos a\u00f1os, est\u00e1 intentando unificar la normativa&#8230;<\/p>\n","protected":false},"author":2,"featured_media":9980,"comment_status":"closed","ping_status":"closed","sticky":false,"template":"","format":"standard","meta":{"footnotes":""},"categories":[21],"tags":[26,24,110,30,85,45,178,29,23,49,306],"class_list":["post-9979","post","type-post","status-publish","format-standard","has-post-thumbnail","hentry","category-noticias","tag-balizas","tag-carreteras","tag-conos","tag-seguridad-vial","tag-seguridadvial","tag-senalconfor-2","tag-senalestrafico","tag-senalizacion","tag-senalizaciones","tag-trafico","tag-ventasenalestrafico"],"yoast_head":"<!-- This site is optimized with the Yoast SEO plugin v26.8 - https:\/\/yoast.com\/product\/yoast-seo-wordpress\/ -->\n<title>La nueva se\u00f1al con forma de diamante que est\u00e1 apareciendo en las carreteras - SE\u00d1ALCONFOR<\/title>\n<meta name=\"robots\" content=\"index, follow, max-snippet:-1, max-image-preview:large, max-video-preview:-1\" \/>\n<link rel=\"canonical\" href=\"https:\/\/senalconfor.com\/blog\/la-nueva-senal-con-forma-de-diamante-que-esta-apareciendo-en-las-carreteras\/\" \/>\n<meta property=\"og:locale\" content=\"es_ES\" \/>\n<meta property=\"og:type\" content=\"article\" \/>\n<meta property=\"og:title\" content=\"La nueva se\u00f1al con forma de diamante que est\u00e1 apareciendo en las carreteras - SE\u00d1ALCONFOR\" \/>\n<meta property=\"og:description\" content=\"Par\u00eds y Nimes son algunas de las ciudades que ya cuentan con este nuevo tipo de se\u00f1al en sus calzadas. En Espa\u00f1a, tal y como sucedi\u00f3 con el carn\u00e9 por puntos, se est\u00e1 estudiando la idea para incorporarla al cat\u00e1logo de se\u00f1ales.&nbsp; La&nbsp;Uni\u00f3n Europea, desde hace ya unos cuantos a\u00f1os, est\u00e1 intentando unificar la normativa...\" \/>\n<meta property=\"og:url\" content=\"https:\/\/senalconfor.com\/blog\/la-nueva-senal-con-forma-de-diamante-que-esta-apareciendo-en-las-carreteras\/\" \/>\n<meta property=\"og:site_name\" content=\"SE\u00d1ALCONFOR\" \/>\n<meta property=\"article:published_time\" content=\"2024-11-19T09:59:09+00:00\" \/>\n<meta property=\"article:modified_time\" content=\"2024-11-19T10:00:35+00:00\" \/>\n<meta property=\"og:image\" content=\"https:\/\/senalconfor.com\/blog\/wp-content\/uploads\/2024\/11\/DIAMANTE.jpg\" \/>\n\t<meta property=\"og:image:width\" content=\"590\" \/>\n\t<meta property=\"og:image:height\" content=\"351\" \/>\n\t<meta property=\"og:image:type\" content=\"image\/jpeg\" \/>\n<meta name=\"author\" content=\"Mary Jo\" \/>\n<meta name=\"twitter:card\" content=\"summary_large_image\" \/>\n<meta name=\"twitter:label1\" content=\"Escrito por\" \/>\n\t<meta name=\"twitter:data1\" content=\"Mary Jo\" \/>\n\t<meta name=\"twitter:label2\" content=\"Tiempo de lectura\" \/>\n\t<meta name=\"twitter:data2\" content=\"3 minutos\" \/>\n<script type=\"application\/ld+json\" class=\"yoast-schema-graph\">{\"@context\":\"https:\/\/schema.org\",\"@graph\":[{\"@type\":\"Article\",\"@id\":\"https:\/\/senalconfor.com\/blog\/la-nueva-senal-con-forma-de-diamante-que-esta-apareciendo-en-las-carreteras\/#article\",\"isPartOf\":{\"@id\":\"https:\/\/senalconfor.com\/blog\/la-nueva-senal-con-forma-de-diamante-que-esta-apareciendo-en-las-carreteras\/\"},\"author\":{\"name\":\"Mary Jo\",\"@id\":\"https:\/\/senalconfor.com\/blog\/#\/schema\/person\/7ba1a78ea1c6e5e2366be342e1c88a8f\"},\"headline\":\"La nueva se\u00f1al con forma de diamante que est\u00e1 apareciendo en las carreteras\",\"datePublished\":\"2024-11-19T09:59:09+00:00\",\"dateModified\":\"2024-11-19T10:00:35+00:00\",\"mainEntityOfPage\":{\"@id\":\"https:\/\/senalconfor.com\/blog\/la-nueva-senal-con-forma-de-diamante-que-esta-apareciendo-en-las-carreteras\/\"},\"wordCount\":451,\"image\":{\"@id\":\"https:\/\/senalconfor.com\/blog\/la-nueva-senal-con-forma-de-diamante-que-esta-apareciendo-en-las-carreteras\/#primaryimage\"},\"thumbnailUrl\":\"https:\/\/senalconfor.com\/blog\/wp-content\/uploads\/2024\/11\/DIAMANTE.jpg\",\"keywords\":[\"balizas\",\"carreteras\",\"conos\",\"seguridad vial\",\"seguridadvial\",\"Se\u00f1alConfor\",\"se\u00f1alestrafico\",\"se\u00f1alizacion\",\"se\u00f1alizaciones\",\"trafico\",\"ventase\u00f1alestrafico\"],\"articleSection\":[\"Noticias\"],\"inLanguage\":\"es\"},{\"@type\":\"WebPage\",\"@id\":\"https:\/\/senalconfor.com\/blog\/la-nueva-senal-con-forma-de-diamante-que-esta-apareciendo-en-las-carreteras\/\",\"url\":\"https:\/\/senalconfor.com\/blog\/la-nueva-senal-con-forma-de-diamante-que-esta-apareciendo-en-las-carreteras\/\",\"name\":\"La nueva se\u00f1al con forma de diamante que est\u00e1 apareciendo en las carreteras - SE\u00d1ALCONFOR\",\"isPartOf\":{\"@id\":\"https:\/\/senalconfor.com\/blog\/#website\"},\"primaryImageOfPage\":{\"@id\":\"https:\/\/senalconfor.com\/blog\/la-nueva-senal-con-forma-de-diamante-que-esta-apareciendo-en-las-carreteras\/#primaryimage\"},\"image\":{\"@id\":\"https:\/\/senalconfor.com\/blog\/la-nueva-senal-con-forma-de-diamante-que-esta-apareciendo-en-las-carreteras\/#primaryimage\"},\"thumbnailUrl\":\"https:\/\/senalconfor.com\/blog\/wp-content\/uploads\/2024\/11\/DIAMANTE.jpg\",\"datePublished\":\"2024-11-19T09:59:09+00:00\",\"dateModified\":\"2024-11-19T10:00:35+00:00\",\"author\":{\"@id\":\"https:\/\/senalconfor.com\/blog\/#\/schema\/person\/7ba1a78ea1c6e5e2366be342e1c88a8f\"},\"breadcrumb\":{\"@id\":\"https:\/\/senalconfor.com\/blog\/la-nueva-senal-con-forma-de-diamante-que-esta-apareciendo-en-las-carreteras\/#breadcrumb\"},\"inLanguage\":\"es\",\"potentialAction\":[{\"@type\":\"ReadAction\",\"target\":[\"https:\/\/senalconfor.com\/blog\/la-nueva-senal-con-forma-de-diamante-que-esta-apareciendo-en-las-carreteras\/\"]}]},{\"@type\":\"ImageObject\",\"inLanguage\":\"es\",\"@id\":\"https:\/\/senalconfor.com\/blog\/la-nueva-senal-con-forma-de-diamante-que-esta-apareciendo-en-las-carreteras\/#primaryimage\",\"url\":\"https:\/\/senalconfor.com\/blog\/wp-content\/uploads\/2024\/11\/DIAMANTE.jpg\",\"contentUrl\":\"https:\/\/senalconfor.com\/blog\/wp-content\/uploads\/2024\/11\/DIAMANTE.jpg\",\"width\":590,\"height\":351},{\"@type\":\"BreadcrumbList\",\"@id\":\"https:\/\/senalconfor.com\/blog\/la-nueva-senal-con-forma-de-diamante-que-esta-apareciendo-en-las-carreteras\/#breadcrumb\",\"itemListElement\":[{\"@type\":\"ListItem\",\"position\":1,\"name\":\"Portada\",\"item\":\"https:\/\/senalconfor.com\/blog\/\"},{\"@type\":\"ListItem\",\"position\":2,\"name\":\"La nueva se\u00f1al con forma de diamante que est\u00e1 apareciendo en las carreteras\"}]},{\"@type\":\"WebSite\",\"@id\":\"https:\/\/senalconfor.com\/blog\/#website\",\"url\":\"https:\/\/senalconfor.com\/blog\/\",\"name\":\"SE\u00d1ALCONFOR\",\"description\":\"Balizas cil\u00edndicas, hitos de divergencia, hitos de arista,se\u00f1ales urbanas,espejos, conos de tr\u00e1fico\",\"potentialAction\":[{\"@type\":\"SearchAction\",\"target\":{\"@type\":\"EntryPoint\",\"urlTemplate\":\"https:\/\/senalconfor.com\/blog\/?s={search_term_string}\"},\"query-input\":{\"@type\":\"PropertyValueSpecification\",\"valueRequired\":true,\"valueName\":\"search_term_string\"}}],\"inLanguage\":\"es\"},{\"@type\":\"Person\",\"@id\":\"https:\/\/senalconfor.com\/blog\/#\/schema\/person\/7ba1a78ea1c6e5e2366be342e1c88a8f\",\"name\":\"Mary Jo\",\"image\":{\"@type\":\"ImageObject\",\"inLanguage\":\"es\",\"@id\":\"https:\/\/senalconfor.com\/blog\/#\/schema\/person\/image\/\",\"url\":\"https:\/\/secure.gravatar.com\/avatar\/8afb78c5ea6768d0d2f16c8c6d8e9279?s=96&d=mm&r=g\",\"contentUrl\":\"https:\/\/secure.gravatar.com\/avatar\/8afb78c5ea6768d0d2f16c8c6d8e9279?s=96&d=mm&r=g\",\"caption\":\"Mary Jo\"},\"sameAs\":[\"https:\/\/senalconfor.com\"],\"url\":\"https:\/\/senalconfor.com\/blog\/author\/mjo\/\"}]}<\/script>\n<!-- \/ Yoast SEO plugin. -->","yoast_head_json":{"title":"La nueva se\u00f1al con forma de diamante que est\u00e1 apareciendo en las carreteras - SE\u00d1ALCONFOR","robots":{"index":"index","follow":"follow","max-snippet":"max-snippet:-1","max-image-preview":"max-image-preview:large","max-video-preview":"max-video-preview:-1"},"canonical":"https:\/\/senalconfor.com\/blog\/la-nueva-senal-con-forma-de-diamante-que-esta-apareciendo-en-las-carreteras\/","og_locale":"es_ES","og_type":"article","og_title":"La nueva se\u00f1al con forma de diamante que est\u00e1 apareciendo en las carreteras - SE\u00d1ALCONFOR","og_description":"Par\u00eds y Nimes son algunas de las ciudades que ya cuentan con este nuevo tipo de se\u00f1al en sus calzadas. En Espa\u00f1a, tal y como sucedi\u00f3 con el carn\u00e9 por puntos, se est\u00e1 estudiando la idea para incorporarla al cat\u00e1logo de se\u00f1ales.&nbsp; La&nbsp;Uni\u00f3n Europea, desde hace ya unos cuantos a\u00f1os, est\u00e1 intentando unificar la normativa...","og_url":"https:\/\/senalconfor.com\/blog\/la-nueva-senal-con-forma-de-diamante-que-esta-apareciendo-en-las-carreteras\/","og_site_name":"SE\u00d1ALCONFOR","article_published_time":"2024-11-19T09:59:09+00:00","article_modified_time":"2024-11-19T10:00:35+00:00","og_image":[{"width":590,"height":351,"url":"https:\/\/senalconfor.com\/blog\/wp-content\/uploads\/2024\/11\/DIAMANTE.jpg","type":"image\/jpeg"}],"author":"Mary Jo","twitter_card":"summary_large_image","twitter_misc":{"Escrito por":"Mary Jo","Tiempo de lectura":"3 minutos"},"schema":{"@context":"https:\/\/schema.org","@graph":[{"@type":"Article","@id":"https:\/\/senalconfor.com\/blog\/la-nueva-senal-con-forma-de-diamante-que-esta-apareciendo-en-las-carreteras\/#article","isPartOf":{"@id":"https:\/\/senalconfor.com\/blog\/la-nueva-senal-con-forma-de-diamante-que-esta-apareciendo-en-las-carreteras\/"},"author":{"name":"Mary Jo","@id":"https:\/\/senalconfor.com\/blog\/#\/schema\/person\/7ba1a78ea1c6e5e2366be342e1c88a8f"},"headline":"La nueva se\u00f1al con forma de diamante que est\u00e1 apareciendo en las carreteras","datePublished":"2024-11-19T09:59:09+00:00","dateModified":"2024-11-19T10:00:35+00:00","mainEntityOfPage":{"@id":"https:\/\/senalconfor.com\/blog\/la-nueva-senal-con-forma-de-diamante-que-esta-apareciendo-en-las-carreteras\/"},"wordCount":451,"image":{"@id":"https:\/\/senalconfor.com\/blog\/la-nueva-senal-con-forma-de-diamante-que-esta-apareciendo-en-las-carreteras\/#primaryimage"},"thumbnailUrl":"https:\/\/senalconfor.com\/blog\/wp-content\/uploads\/2024\/11\/DIAMANTE.jpg","keywords":["balizas","carreteras","conos","seguridad vial","seguridadvial","Se\u00f1alConfor","se\u00f1alestrafico","se\u00f1alizacion","se\u00f1alizaciones","trafico","ventase\u00f1alestrafico"],"articleSection":["Noticias"],"inLanguage":"es"},{"@type":"WebPage","@id":"https:\/\/senalconfor.com\/blog\/la-nueva-senal-con-forma-de-diamante-que-esta-apareciendo-en-las-carreteras\/","url":"https:\/\/senalconfor.com\/blog\/la-nueva-senal-con-forma-de-diamante-que-esta-apareciendo-en-las-carreteras\/","name":"La nueva se\u00f1al con forma de diamante que est\u00e1 apareciendo en las carreteras - SE\u00d1ALCONFOR","isPartOf":{"@id":"https:\/\/senalconfor.com\/blog\/#website"},"primaryImageOfPage":{"@id":"https:\/\/senalconfor.com\/blog\/la-nueva-senal-con-forma-de-diamante-que-esta-apareciendo-en-las-carreteras\/#primaryimage"},"image":{"@id":"https:\/\/senalconfor.com\/blog\/la-nueva-senal-con-forma-de-diamante-que-esta-apareciendo-en-las-carreteras\/#primaryimage"},"thumbnailUrl":"https:\/\/senalconfor.com\/blog\/wp-content\/uploads\/2024\/11\/DIAMANTE.jpg","datePublished":"2024-11-19T09:59:09+00:00","dateModified":"2024-11-19T10:00:35+00:00","author":{"@id":"https:\/\/senalconfor.com\/blog\/#\/schema\/person\/7ba1a78ea1c6e5e2366be342e1c88a8f"},"breadcrumb":{"@id":"https:\/\/senalconfor.com\/blog\/la-nueva-senal-con-forma-de-diamante-que-esta-apareciendo-en-las-carreteras\/#breadcrumb"},"inLanguage":"es","potentialAction":[{"@type":"ReadAction","target":["https:\/\/senalconfor.com\/blog\/la-nueva-senal-con-forma-de-diamante-que-esta-apareciendo-en-las-carreteras\/"]}]},{"@type":"ImageObject","inLanguage":"es","@id":"https:\/\/senalconfor.com\/blog\/la-nueva-senal-con-forma-de-diamante-que-esta-apareciendo-en-las-carreteras\/#primaryimage","url":"https:\/\/senalconfor.com\/blog\/wp-content\/uploads\/2024\/11\/DIAMANTE.jpg","contentUrl":"https:\/\/senalconfor.com\/blog\/wp-content\/uploads\/2024\/11\/DIAMANTE.jpg","width":590,"height":351},{"@type":"BreadcrumbList","@id":"https:\/\/senalconfor.com\/blog\/la-nueva-senal-con-forma-de-diamante-que-esta-apareciendo-en-las-carreteras\/#breadcrumb","itemListElement":[{"@type":"ListItem","position":1,"name":"Portada","item":"https:\/\/senalconfor.com\/blog\/"},{"@type":"ListItem","position":2,"name":"La nueva se\u00f1al con forma de diamante que est\u00e1 apareciendo en las carreteras"}]},{"@type":"WebSite","@id":"https:\/\/senalconfor.com\/blog\/#website","url":"https:\/\/senalconfor.com\/blog\/","name":"SE\u00d1ALCONFOR","description":"Balizas cil\u00edndicas, hitos de divergencia, hitos de arista,se\u00f1ales urbanas,espejos, conos de tr\u00e1fico","potentialAction":[{"@type":"SearchAction","target":{"@type":"EntryPoint","urlTemplate":"https:\/\/senalconfor.com\/blog\/?s={search_term_string}"},"query-input":{"@type":"PropertyValueSpecification","valueRequired":true,"valueName":"search_term_string"}}],"inLanguage":"es"},{"@type":"Person","@id":"https:\/\/senalconfor.com\/blog\/#\/schema\/person\/7ba1a78ea1c6e5e2366be342e1c88a8f","name":"Mary Jo","image":{"@type":"ImageObject","inLanguage":"es","@id":"https:\/\/senalconfor.com\/blog\/#\/schema\/person\/image\/","url":"https:\/\/secure.gravatar.com\/avatar\/8afb78c5ea6768d0d2f16c8c6d8e9279?s=96&d=mm&r=g","contentUrl":"https:\/\/secure.gravatar.com\/avatar\/8afb78c5ea6768d0d2f16c8c6d8e9279?s=96&d=mm&r=g","caption":"Mary Jo"},"sameAs":["https:\/\/senalconfor.com"],"url":"https:\/\/senalconfor.com\/blog\/author\/mjo\/"}]}},"_links":{"self":[{"href":"https:\/\/senalconfor.com\/blog\/wp-json\/wp\/v2\/posts\/9979","targetHints":{"allow":["GET"]}}],"collection":[{"href":"https:\/\/senalconfor.com\/blog\/wp-json\/wp\/v2\/posts"}],"about":[{"href":"https:\/\/senalconfor.com\/blog\/wp-json\/wp\/v2\/types\/post"}],"author":[{"embeddable":true,"href":"https:\/\/senalconfor.com\/blog\/wp-json\/wp\/v2\/users\/2"}],"replies":[{"embeddable":true,"href":"https:\/\/senalconfor.com\/blog\/wp-json\/wp\/v2\/comments?post=9979"}],"version-history":[{"count":1,"href":"https:\/\/senalconfor.com\/blog\/wp-json\/wp\/v2\/posts\/9979\/revisions"}],"predecessor-version":[{"id":9981,"href":"https:\/\/senalconfor.com\/blog\/wp-json\/wp\/v2\/posts\/9979\/revisions\/9981"}],"wp:featuredmedia":[{"embeddable":true,"href":"https:\/\/senalconfor.com\/blog\/wp-json\/wp\/v2\/media\/9980"}],"wp:attachment":[{"href":"https:\/\/senalconfor.com\/blog\/wp-json\/wp\/v2\/media?parent=9979"}],"wp:term":[{"taxonomy":"category","embeddable":true,"href":"https:\/\/senalconfor.com\/blog\/wp-json\/wp\/v2\/categories?post=9979"},{"taxonomy":"post_tag","embeddable":true,"href":"https:\/\/senalconfor.com\/blog\/wp-json\/wp\/v2\/tags?post=9979"}],"curies":[{"name":"wp","href":"https:\/\/api.w.org\/{rel}","templated":true}]}}