{"id":9983,"date":"2024-11-26T11:28:34","date_gmt":"2024-11-26T11:28:34","guid":{"rendered":"https:\/\/senalconfor.com\/blog\/?p=9983"},"modified":"2024-11-26T11:28:35","modified_gmt":"2024-11-26T11:28:35","slug":"conducir-en-autopistas-y-autovias-a-partir-de-2025-la-dgt-emite-un-comunicado","status":"publish","type":"post","link":"https:\/\/senalconfor.com\/blog\/conducir-en-autopistas-y-autovias-a-partir-de-2025-la-dgt-emite-un-comunicado\/","title":{"rendered":"Conducir en autopistas y autov\u00edas a partir de 2025. La DGT emite un comunicado"},"content":{"rendered":"\n<figure class=\"wp-block-image size-large\"><img loading=\"lazy\" decoding=\"async\" width=\"1024\" height=\"768\" src=\"data:image\/svg+xml,%3Csvg xmlns=%22http:\/\/www.w3.org\/2000\/svg%22 viewBox=%220 0 1024 768%22%3E%3C\/svg%3E\" data-lazy-type=\"image\" data-src=\"https:\/\/senalconfor.com\/blog\/wp-content\/uploads\/2024\/11\/IMG_8866-1024x768.jpg\" alt=\"\" class=\"lazy lazy-hidden wp-image-9984\" srcset=\"\" data-srcset=\"https:\/\/senalconfor.com\/blog\/wp-content\/uploads\/2024\/11\/IMG_8866-1024x768.jpg 1024w, https:\/\/senalconfor.com\/blog\/wp-content\/uploads\/2024\/11\/IMG_8866-300x225.jpg 300w, https:\/\/senalconfor.com\/blog\/wp-content\/uploads\/2024\/11\/IMG_8866-1536x1152.jpg 1536w\" sizes=\"auto, (max-width: 1024px) 100vw, 1024px\" \/><\/figure>\n\n\n\n<p>Seg\u00fan un an\u00e1lisis,&nbsp;<strong>en Espa\u00f1a el 80% de los trayectos motorizados anuales ocurren en v\u00edas r\u00e1pidas, es decir,&nbsp;<a href=\"https:\/\/www.eladelantado.com\/motor\/radares-120-km-h-autopistas-autovias\/\" target=\"_blank\" rel=\"noreferrer noopener\">autov\u00edas y autopistas<\/a><\/strong>. De hecho, el pa\u00eds cuenta con una red de m\u00e1s de 15.500 km de este tipo de carreteras, las cuales est\u00e1n dise\u00f1adas para circular a una velocidad superior a la que se pueda tomar en las v\u00edas convencionales. Bajo este panorama,&nbsp;<strong>la Direcci\u00f3n General de Tr\u00e1fico ha decidido lanzar una serie de consejos para tener en claro los criterios normativos al circular por este tipo de v\u00edas<\/strong>. Considerando que la velocidad es m\u00e1s elevada y el patr\u00f3n de conducta del conductor debe ser m\u00e1s precavido con mucha atenci\u00f3n a los elementos de seguridad vial presentes.<\/p>\n\n\n\n<p>Tambi\u00e9n es importante resaltar que a pesar de las medidas de seguridad que se han tomado y los criterios normativos definidos para circular por estas v\u00edas,&nbsp;<strong>un 25% de los muertos y heridos de accidentes de tr\u00e1fico tienen lugar en autov\u00edas y autopistas<\/strong>. Para el 2023 se registraron 345 personas fallecidas y 946 heridos de gravedad, vinculados a accidentes de tr\u00e1fico en este tipo de carreteras.<\/p>\n\n\n\n<h2 class=\"wp-block-heading\"><strong>Respetar la velocidad m\u00e1xima y facilitar la incorporaci\u00f3n en autopistas y autov\u00edas<\/strong><\/h2>\n\n\n\n<p>Para conducir de forma segura en autov\u00edas y autopistas,&nbsp;<strong>la DGT recomienda respetar en todo momento la&nbsp;<a href=\"https:\/\/www.eladelantado.com\/motor\/circular-a-120-km-h-en-autopistas\/\" target=\"_blank\" rel=\"noreferrer noopener\">velocidad m\u00e1xima designada<\/a><\/strong>. Que se establece en 120 km\/h para coches y motocicletas, para autobuses y camiones entre 100 y 90 km\/h de forma respectiva. Por otro lado,&nbsp;<strong>es significativo facilitar la incorporaci\u00f3n de veh\u00edculos a la carretera<\/strong>, lo cual est\u00e1 dispuesto en el marco normativo vigente. En estos casos se puede cambiar al carril izquierdo o levantar el pie del acelerador para dar espacio al coche que ingresa a la v\u00eda.<\/p>\n\n\n\n<p>Con estas recomendaciones,&nbsp;<strong>la DGT busca promover un control de la velocidad de circulaci\u00f3n e incentivar a un modo de conducci\u00f3n m\u00e1s seguro y responsable<\/strong>. Todo ello va a permitir una reducci\u00f3n del n\u00famero de accidentes de tr\u00e1fico en este tipo de v\u00edas.<\/p>\n\n\n\n<h2 class=\"wp-block-heading\"><strong>Prohibida la marcha atr\u00e1s, tampoco se permiten peatones o ciclistas<\/strong><\/h2>\n\n\n\n<p><strong>La marcha atr\u00e1s es una maniobra que est\u00e1 prohibida en autov\u00edas y autopistas<\/strong>, as\u00ed como tambi\u00e9n los cambios de sentido o las paradas. En el marco normativo se establece que estas acciones no est\u00e1n permitidas en las v\u00edas r\u00e1pidas por motivos de seguridad. Sin embargo,&nbsp;<strong>se pueden realizar en lugares que est\u00e9n habilitados para ello y est\u00e9n completamente se\u00f1alizados<\/strong>. Para ello, es necesario tener una conducta al volante responsable y efectiva en todo momento al circular.<\/p>\n\n\n\n<p><strong>Los peatones tienen prohibido el paso en las v\u00edas r\u00e1pidas bajo cualquier tipo de circunstancia<\/strong>. Donde no solo se incluye a peatones comunes sino tambi\u00e9n a personas como movilidad reducida, esto para elevar los niveles de protecci\u00f3n.&nbsp;<strong>Tambi\u00e9n se incluyen en esta prohibici\u00f3n a los ciclomotores<\/strong>, ya que este tipo de veh\u00edculos no alcanzan las velocidades que se requieren en este tipo de v\u00edas. As\u00ed como a los ciclistas, pero en autov\u00edas estos podr\u00edan circular si tienen la opci\u00f3n de utilizar los arcenes de manera segura.<\/p>\n\n\n\n<h2 class=\"wp-block-heading\"><strong>Mirar lejos y adaptar la velocidad<\/strong><\/h2>\n\n\n\n<p>Siempre hay que evitar posibles distracciones cuando se est\u00e1 al volante y mantener la concentraci\u00f3n y la vista en lo que pasa en la autov\u00eda o autopista a la distancia.&nbsp;<strong>Esto va a permitir tener una conducta responsable y segura al circular<\/strong>, adem\u00e1s de tener la posibilidad de tomar decisiones m\u00e1s acertadas.<\/p>\n\n\n\n<p><strong>En los carriles de entrada y salida los conductores deben avanzar a una velocidad apropiada<\/strong>. Una velocidad que es prudente siempre tener en cuenta que se adapte al flujo de tr\u00e1fico que se tiene en este tipo de carreteras, manteniendo una conducta segura y responsable para la protecci\u00f3n de todos.<\/p>\n\n\n\n<p>Se\u00f1alConfor es una empresa de venta de se\u00f1ales de trafico. En Se\u00f1alConfor nos gusta estar informados de noticias de nuestro sector. Hoy compartimos esta noticia de \u00abEl Adelantado\u00bb para tener en cuenta<\/p>\n","protected":false},"excerpt":{"rendered":"<p>Seg\u00fan un an\u00e1lisis,&nbsp;en Espa\u00f1a el 80% de los trayectos motorizados anuales ocurren en v\u00edas r\u00e1pidas, es decir,&nbsp;autov\u00edas y autopistas. De hecho, el pa\u00eds cuenta con una red de m\u00e1s de 15.500 km de este tipo de carreteras, las cuales est\u00e1n dise\u00f1adas para circular a una velocidad superior a la que se pueda tomar en las&#8230;<\/p>\n","protected":false},"author":2,"featured_media":9984,"comment_status":"closed","ping_status":"closed","sticky":false,"template":"","format":"standard","meta":{"footnotes":""},"categories":[21],"tags":[26,24,30,85,45,178,29,23,49],"class_list":["post-9983","post","type-post","status-publish","format-standard","has-post-thumbnail","hentry","category-noticias","tag-balizas","tag-carreteras","tag-seguridad-vial","tag-seguridadvial","tag-senalconfor-2","tag-senalestrafico","tag-senalizacion","tag-senalizaciones","tag-trafico"],"yoast_head":"<!-- This site is optimized with the Yoast SEO plugin v26.8 - https:\/\/yoast.com\/product\/yoast-seo-wordpress\/ -->\n<title>Conducir en autopistas y autov\u00edas a partir de 2025. La DGT emite un comunicado - SE\u00d1ALCONFOR<\/title>\n<meta name=\"robots\" content=\"index, follow, max-snippet:-1, max-image-preview:large, max-video-preview:-1\" \/>\n<link rel=\"canonical\" href=\"https:\/\/senalconfor.com\/blog\/conducir-en-autopistas-y-autovias-a-partir-de-2025-la-dgt-emite-un-comunicado\/\" \/>\n<meta property=\"og:locale\" content=\"es_ES\" \/>\n<meta property=\"og:type\" content=\"article\" \/>\n<meta property=\"og:title\" content=\"Conducir en autopistas y autov\u00edas a partir de 2025. La DGT emite un comunicado - SE\u00d1ALCONFOR\" \/>\n<meta property=\"og:description\" content=\"Seg\u00fan un an\u00e1lisis,&nbsp;en Espa\u00f1a el 80% de los trayectos motorizados anuales ocurren en v\u00edas r\u00e1pidas, es decir,&nbsp;autov\u00edas y autopistas. De hecho, el pa\u00eds cuenta con una red de m\u00e1s de 15.500 km de este tipo de carreteras, las cuales est\u00e1n dise\u00f1adas para circular a una velocidad superior a la que se pueda tomar en las...\" \/>\n<meta property=\"og:url\" content=\"https:\/\/senalconfor.com\/blog\/conducir-en-autopistas-y-autovias-a-partir-de-2025-la-dgt-emite-un-comunicado\/\" \/>\n<meta property=\"og:site_name\" content=\"SE\u00d1ALCONFOR\" \/>\n<meta property=\"article:published_time\" content=\"2024-11-26T11:28:34+00:00\" \/>\n<meta property=\"article:modified_time\" content=\"2024-11-26T11:28:35+00:00\" \/>\n<meta property=\"og:image\" content=\"https:\/\/senalconfor.com\/blog\/wp-content\/uploads\/2024\/11\/IMG_8866-scaled.jpg\" \/>\n\t<meta property=\"og:image:width\" content=\"2560\" \/>\n\t<meta property=\"og:image:height\" content=\"1920\" \/>\n\t<meta property=\"og:image:type\" content=\"image\/jpeg\" \/>\n<meta name=\"author\" content=\"Mary Jo\" \/>\n<meta name=\"twitter:card\" content=\"summary_large_image\" \/>\n<meta name=\"twitter:label1\" content=\"Escrito por\" \/>\n\t<meta name=\"twitter:data1\" content=\"Mary Jo\" \/>\n\t<meta name=\"twitter:label2\" content=\"Tiempo de lectura\" \/>\n\t<meta name=\"twitter:data2\" content=\"4 minutos\" \/>\n<script type=\"application\/ld+json\" class=\"yoast-schema-graph\">{\"@context\":\"https:\/\/schema.org\",\"@graph\":[{\"@type\":\"Article\",\"@id\":\"https:\/\/senalconfor.com\/blog\/conducir-en-autopistas-y-autovias-a-partir-de-2025-la-dgt-emite-un-comunicado\/#article\",\"isPartOf\":{\"@id\":\"https:\/\/senalconfor.com\/blog\/conducir-en-autopistas-y-autovias-a-partir-de-2025-la-dgt-emite-un-comunicado\/\"},\"author\":{\"name\":\"Mary Jo\",\"@id\":\"https:\/\/senalconfor.com\/blog\/#\/schema\/person\/7ba1a78ea1c6e5e2366be342e1c88a8f\"},\"headline\":\"Conducir en autopistas y autov\u00edas a partir de 2025. La DGT emite un comunicado\",\"datePublished\":\"2024-11-26T11:28:34+00:00\",\"dateModified\":\"2024-11-26T11:28:35+00:00\",\"mainEntityOfPage\":{\"@id\":\"https:\/\/senalconfor.com\/blog\/conducir-en-autopistas-y-autovias-a-partir-de-2025-la-dgt-emite-un-comunicado\/\"},\"wordCount\":724,\"image\":{\"@id\":\"https:\/\/senalconfor.com\/blog\/conducir-en-autopistas-y-autovias-a-partir-de-2025-la-dgt-emite-un-comunicado\/#primaryimage\"},\"thumbnailUrl\":\"https:\/\/senalconfor.com\/blog\/wp-content\/uploads\/2024\/11\/IMG_8866-scaled.jpg\",\"keywords\":[\"balizas\",\"carreteras\",\"seguridad vial\",\"seguridadvial\",\"Se\u00f1alConfor\",\"se\u00f1alestrafico\",\"se\u00f1alizacion\",\"se\u00f1alizaciones\",\"trafico\"],\"articleSection\":[\"Noticias\"],\"inLanguage\":\"es\"},{\"@type\":\"WebPage\",\"@id\":\"https:\/\/senalconfor.com\/blog\/conducir-en-autopistas-y-autovias-a-partir-de-2025-la-dgt-emite-un-comunicado\/\",\"url\":\"https:\/\/senalconfor.com\/blog\/conducir-en-autopistas-y-autovias-a-partir-de-2025-la-dgt-emite-un-comunicado\/\",\"name\":\"Conducir en autopistas y autov\u00edas a partir de 2025. La DGT emite un comunicado - SE\u00d1ALCONFOR\",\"isPartOf\":{\"@id\":\"https:\/\/senalconfor.com\/blog\/#website\"},\"primaryImageOfPage\":{\"@id\":\"https:\/\/senalconfor.com\/blog\/conducir-en-autopistas-y-autovias-a-partir-de-2025-la-dgt-emite-un-comunicado\/#primaryimage\"},\"image\":{\"@id\":\"https:\/\/senalconfor.com\/blog\/conducir-en-autopistas-y-autovias-a-partir-de-2025-la-dgt-emite-un-comunicado\/#primaryimage\"},\"thumbnailUrl\":\"https:\/\/senalconfor.com\/blog\/wp-content\/uploads\/2024\/11\/IMG_8866-scaled.jpg\",\"datePublished\":\"2024-11-26T11:28:34+00:00\",\"dateModified\":\"2024-11-26T11:28:35+00:00\",\"author\":{\"@id\":\"https:\/\/senalconfor.com\/blog\/#\/schema\/person\/7ba1a78ea1c6e5e2366be342e1c88a8f\"},\"breadcrumb\":{\"@id\":\"https:\/\/senalconfor.com\/blog\/conducir-en-autopistas-y-autovias-a-partir-de-2025-la-dgt-emite-un-comunicado\/#breadcrumb\"},\"inLanguage\":\"es\",\"potentialAction\":[{\"@type\":\"ReadAction\",\"target\":[\"https:\/\/senalconfor.com\/blog\/conducir-en-autopistas-y-autovias-a-partir-de-2025-la-dgt-emite-un-comunicado\/\"]}]},{\"@type\":\"ImageObject\",\"inLanguage\":\"es\",\"@id\":\"https:\/\/senalconfor.com\/blog\/conducir-en-autopistas-y-autovias-a-partir-de-2025-la-dgt-emite-un-comunicado\/#primaryimage\",\"url\":\"https:\/\/senalconfor.com\/blog\/wp-content\/uploads\/2024\/11\/IMG_8866-scaled.jpg\",\"contentUrl\":\"https:\/\/senalconfor.com\/blog\/wp-content\/uploads\/2024\/11\/IMG_8866-scaled.jpg\",\"width\":2560,\"height\":1920},{\"@type\":\"BreadcrumbList\",\"@id\":\"https:\/\/senalconfor.com\/blog\/conducir-en-autopistas-y-autovias-a-partir-de-2025-la-dgt-emite-un-comunicado\/#breadcrumb\",\"itemListElement\":[{\"@type\":\"ListItem\",\"position\":1,\"name\":\"Portada\",\"item\":\"https:\/\/senalconfor.com\/blog\/\"},{\"@type\":\"ListItem\",\"position\":2,\"name\":\"Conducir en autopistas y autov\u00edas a partir de 2025. La DGT emite un comunicado\"}]},{\"@type\":\"WebSite\",\"@id\":\"https:\/\/senalconfor.com\/blog\/#website\",\"url\":\"https:\/\/senalconfor.com\/blog\/\",\"name\":\"SE\u00d1ALCONFOR\",\"description\":\"Balizas cil\u00edndicas, hitos de divergencia, hitos de arista,se\u00f1ales urbanas,espejos, conos de tr\u00e1fico\",\"potentialAction\":[{\"@type\":\"SearchAction\",\"target\":{\"@type\":\"EntryPoint\",\"urlTemplate\":\"https:\/\/senalconfor.com\/blog\/?s={search_term_string}\"},\"query-input\":{\"@type\":\"PropertyValueSpecification\",\"valueRequired\":true,\"valueName\":\"search_term_string\"}}],\"inLanguage\":\"es\"},{\"@type\":\"Person\",\"@id\":\"https:\/\/senalconfor.com\/blog\/#\/schema\/person\/7ba1a78ea1c6e5e2366be342e1c88a8f\",\"name\":\"Mary Jo\",\"image\":{\"@type\":\"ImageObject\",\"inLanguage\":\"es\",\"@id\":\"https:\/\/senalconfor.com\/blog\/#\/schema\/person\/image\/\",\"url\":\"https:\/\/secure.gravatar.com\/avatar\/8afb78c5ea6768d0d2f16c8c6d8e9279?s=96&d=mm&r=g\",\"contentUrl\":\"https:\/\/secure.gravatar.com\/avatar\/8afb78c5ea6768d0d2f16c8c6d8e9279?s=96&d=mm&r=g\",\"caption\":\"Mary Jo\"},\"sameAs\":[\"https:\/\/senalconfor.com\"],\"url\":\"https:\/\/senalconfor.com\/blog\/author\/mjo\/\"}]}<\/script>\n<!-- \/ Yoast SEO plugin. -->","yoast_head_json":{"title":"Conducir en autopistas y autov\u00edas a partir de 2025. La DGT emite un comunicado - SE\u00d1ALCONFOR","robots":{"index":"index","follow":"follow","max-snippet":"max-snippet:-1","max-image-preview":"max-image-preview:large","max-video-preview":"max-video-preview:-1"},"canonical":"https:\/\/senalconfor.com\/blog\/conducir-en-autopistas-y-autovias-a-partir-de-2025-la-dgt-emite-un-comunicado\/","og_locale":"es_ES","og_type":"article","og_title":"Conducir en autopistas y autov\u00edas a partir de 2025. La DGT emite un comunicado - SE\u00d1ALCONFOR","og_description":"Seg\u00fan un an\u00e1lisis,&nbsp;en Espa\u00f1a el 80% de los trayectos motorizados anuales ocurren en v\u00edas r\u00e1pidas, es decir,&nbsp;autov\u00edas y autopistas. De hecho, el pa\u00eds cuenta con una red de m\u00e1s de 15.500 km de este tipo de carreteras, las cuales est\u00e1n dise\u00f1adas para circular a una velocidad superior a la que se pueda tomar en las...","og_url":"https:\/\/senalconfor.com\/blog\/conducir-en-autopistas-y-autovias-a-partir-de-2025-la-dgt-emite-un-comunicado\/","og_site_name":"SE\u00d1ALCONFOR","article_published_time":"2024-11-26T11:28:34+00:00","article_modified_time":"2024-11-26T11:28:35+00:00","og_image":[{"width":2560,"height":1920,"url":"https:\/\/senalconfor.com\/blog\/wp-content\/uploads\/2024\/11\/IMG_8866-scaled.jpg","type":"image\/jpeg"}],"author":"Mary Jo","twitter_card":"summary_large_image","twitter_misc":{"Escrito por":"Mary Jo","Tiempo de lectura":"4 minutos"},"schema":{"@context":"https:\/\/schema.org","@graph":[{"@type":"Article","@id":"https:\/\/senalconfor.com\/blog\/conducir-en-autopistas-y-autovias-a-partir-de-2025-la-dgt-emite-un-comunicado\/#article","isPartOf":{"@id":"https:\/\/senalconfor.com\/blog\/conducir-en-autopistas-y-autovias-a-partir-de-2025-la-dgt-emite-un-comunicado\/"},"author":{"name":"Mary Jo","@id":"https:\/\/senalconfor.com\/blog\/#\/schema\/person\/7ba1a78ea1c6e5e2366be342e1c88a8f"},"headline":"Conducir en autopistas y autov\u00edas a partir de 2025. La DGT emite un comunicado","datePublished":"2024-11-26T11:28:34+00:00","dateModified":"2024-11-26T11:28:35+00:00","mainEntityOfPage":{"@id":"https:\/\/senalconfor.com\/blog\/conducir-en-autopistas-y-autovias-a-partir-de-2025-la-dgt-emite-un-comunicado\/"},"wordCount":724,"image":{"@id":"https:\/\/senalconfor.com\/blog\/conducir-en-autopistas-y-autovias-a-partir-de-2025-la-dgt-emite-un-comunicado\/#primaryimage"},"thumbnailUrl":"https:\/\/senalconfor.com\/blog\/wp-content\/uploads\/2024\/11\/IMG_8866-scaled.jpg","keywords":["balizas","carreteras","seguridad vial","seguridadvial","Se\u00f1alConfor","se\u00f1alestrafico","se\u00f1alizacion","se\u00f1alizaciones","trafico"],"articleSection":["Noticias"],"inLanguage":"es"},{"@type":"WebPage","@id":"https:\/\/senalconfor.com\/blog\/conducir-en-autopistas-y-autovias-a-partir-de-2025-la-dgt-emite-un-comunicado\/","url":"https:\/\/senalconfor.com\/blog\/conducir-en-autopistas-y-autovias-a-partir-de-2025-la-dgt-emite-un-comunicado\/","name":"Conducir en autopistas y autov\u00edas a partir de 2025. La DGT emite un comunicado - SE\u00d1ALCONFOR","isPartOf":{"@id":"https:\/\/senalconfor.com\/blog\/#website"},"primaryImageOfPage":{"@id":"https:\/\/senalconfor.com\/blog\/conducir-en-autopistas-y-autovias-a-partir-de-2025-la-dgt-emite-un-comunicado\/#primaryimage"},"image":{"@id":"https:\/\/senalconfor.com\/blog\/conducir-en-autopistas-y-autovias-a-partir-de-2025-la-dgt-emite-un-comunicado\/#primaryimage"},"thumbnailUrl":"https:\/\/senalconfor.com\/blog\/wp-content\/uploads\/2024\/11\/IMG_8866-scaled.jpg","datePublished":"2024-11-26T11:28:34+00:00","dateModified":"2024-11-26T11:28:35+00:00","author":{"@id":"https:\/\/senalconfor.com\/blog\/#\/schema\/person\/7ba1a78ea1c6e5e2366be342e1c88a8f"},"breadcrumb":{"@id":"https:\/\/senalconfor.com\/blog\/conducir-en-autopistas-y-autovias-a-partir-de-2025-la-dgt-emite-un-comunicado\/#breadcrumb"},"inLanguage":"es","potentialAction":[{"@type":"ReadAction","target":["https:\/\/senalconfor.com\/blog\/conducir-en-autopistas-y-autovias-a-partir-de-2025-la-dgt-emite-un-comunicado\/"]}]},{"@type":"ImageObject","inLanguage":"es","@id":"https:\/\/senalconfor.com\/blog\/conducir-en-autopistas-y-autovias-a-partir-de-2025-la-dgt-emite-un-comunicado\/#primaryimage","url":"https:\/\/senalconfor.com\/blog\/wp-content\/uploads\/2024\/11\/IMG_8866-scaled.jpg","contentUrl":"https:\/\/senalconfor.com\/blog\/wp-content\/uploads\/2024\/11\/IMG_8866-scaled.jpg","width":2560,"height":1920},{"@type":"BreadcrumbList","@id":"https:\/\/senalconfor.com\/blog\/conducir-en-autopistas-y-autovias-a-partir-de-2025-la-dgt-emite-un-comunicado\/#breadcrumb","itemListElement":[{"@type":"ListItem","position":1,"name":"Portada","item":"https:\/\/senalconfor.com\/blog\/"},{"@type":"ListItem","position":2,"name":"Conducir en autopistas y autov\u00edas a partir de 2025. La DGT emite un comunicado"}]},{"@type":"WebSite","@id":"https:\/\/senalconfor.com\/blog\/#website","url":"https:\/\/senalconfor.com\/blog\/","name":"SE\u00d1ALCONFOR","description":"Balizas cil\u00edndicas, hitos de divergencia, hitos de arista,se\u00f1ales urbanas,espejos, conos de tr\u00e1fico","potentialAction":[{"@type":"SearchAction","target":{"@type":"EntryPoint","urlTemplate":"https:\/\/senalconfor.com\/blog\/?s={search_term_string}"},"query-input":{"@type":"PropertyValueSpecification","valueRequired":true,"valueName":"search_term_string"}}],"inLanguage":"es"},{"@type":"Person","@id":"https:\/\/senalconfor.com\/blog\/#\/schema\/person\/7ba1a78ea1c6e5e2366be342e1c88a8f","name":"Mary Jo","image":{"@type":"ImageObject","inLanguage":"es","@id":"https:\/\/senalconfor.com\/blog\/#\/schema\/person\/image\/","url":"https:\/\/secure.gravatar.com\/avatar\/8afb78c5ea6768d0d2f16c8c6d8e9279?s=96&d=mm&r=g","contentUrl":"https:\/\/secure.gravatar.com\/avatar\/8afb78c5ea6768d0d2f16c8c6d8e9279?s=96&d=mm&r=g","caption":"Mary Jo"},"sameAs":["https:\/\/senalconfor.com"],"url":"https:\/\/senalconfor.com\/blog\/author\/mjo\/"}]}},"_links":{"self":[{"href":"https:\/\/senalconfor.com\/blog\/wp-json\/wp\/v2\/posts\/9983","targetHints":{"allow":["GET"]}}],"collection":[{"href":"https:\/\/senalconfor.com\/blog\/wp-json\/wp\/v2\/posts"}],"about":[{"href":"https:\/\/senalconfor.com\/blog\/wp-json\/wp\/v2\/types\/post"}],"author":[{"embeddable":true,"href":"https:\/\/senalconfor.com\/blog\/wp-json\/wp\/v2\/users\/2"}],"replies":[{"embeddable":true,"href":"https:\/\/senalconfor.com\/blog\/wp-json\/wp\/v2\/comments?post=9983"}],"version-history":[{"count":1,"href":"https:\/\/senalconfor.com\/blog\/wp-json\/wp\/v2\/posts\/9983\/revisions"}],"predecessor-version":[{"id":9985,"href":"https:\/\/senalconfor.com\/blog\/wp-json\/wp\/v2\/posts\/9983\/revisions\/9985"}],"wp:featuredmedia":[{"embeddable":true,"href":"https:\/\/senalconfor.com\/blog\/wp-json\/wp\/v2\/media\/9984"}],"wp:attachment":[{"href":"https:\/\/senalconfor.com\/blog\/wp-json\/wp\/v2\/media?parent=9983"}],"wp:term":[{"taxonomy":"category","embeddable":true,"href":"https:\/\/senalconfor.com\/blog\/wp-json\/wp\/v2\/categories?post=9983"},{"taxonomy":"post_tag","embeddable":true,"href":"https:\/\/senalconfor.com\/blog\/wp-json\/wp\/v2\/tags?post=9983"}],"curies":[{"name":"wp","href":"https:\/\/api.w.org\/{rel}","templated":true}]}}